{"id":7247,"date":"2025-02-28T01:02:56","date_gmt":"2025-02-27T23:02:56","guid":{"rendered":"https:\/\/riddaren24.se\/?p=7247"},"modified":"2025-02-28T01:06:29","modified_gmt":"2025-02-27T23:06:29","slug":"dokument-till-extrastamman-25-03-17-information","status":"publish","type":"post","link":"https:\/\/riddaren24.se\/?p=7247","title":{"rendered":"Dokument till extrast\u00e4mman 25-03-17 + information om arbeten 17D"},"content":{"rendered":"<ul>\n<li>Kallelsen till extrast\u00e4mman den 17 mars kommer snart delas ut till medlemmarna. Under tiden kan man hitta dem under St\u00e4mma och \u00e5rsredovisning <strong><a href=\"https:\/\/riddaren24.se\/?page_id=7242\">H\u00c4R<\/a><\/strong>.<\/li>\n<\/ul>\n<p>&nbsp;<\/p>\n<ul>\n<li>Det har kommit kommentarer kring arbetet med ombyggnaden av styrelselokalen p\u00e5 17 D som l\u00e5ter en del, h\u00e4r f\u00f6ljer information:<\/li>\n<\/ul>\n<p style=\"font-weight: 400; padding-left: 40px;\"><em>Arbetet med att f\u00f6rvandla v\u00e5r styrelselokal till att \u00e4ven inkludera en \u00f6vernattningsl\u00e4genhet, fortskrider.<\/em><\/p>\n<p style=\"font-weight: 400; padding-left: 40px;\"><em>Ett kommunikationsmiss skedde i samband med rivningsarbetet, vilket vi beklagar. De ljud som nu h\u00f6rs h\u00e4rr\u00f6r fr\u00e5n borrning i v\u00e4ggarna, n\u00f6dv\u00e4ndig f\u00f6r att montera de nya v\u00e4ggarna. Trots att vi p\u00e5talat den h\u00f6ga ljudniv\u00e5n f\u00f6r byggare och projektledning, har det visat sig att omfattningen av ljudst\u00f6rningen underskattats.<\/em><\/p>\n<p style=\"font-weight: 400; padding-left: 40px;\"><em>M\u00e5let \u00e4r att slutf\u00f6ra de mest omfattande delarna av renoveringen i slutet av mars. Under de kommande veckorna kommer arbetet att best\u00e5 av v\u00e4ggmontering, spackling, m\u00e5lning och elinstallationer.<\/em><\/p>\n<p style=\"font-weight: 400; padding-left: 40px;\"><em>De ol\u00e4genheter som renoveringen medf\u00f6r \u00e4r s\u00e5klart jobbiga, men vi \u00e4r \u00f6vertygade om att resultatet kommer att bli mycket positivt.<\/em><\/p>\n","protected":false},"excerpt":{"rendered":"<p>Kallelsen till extrast\u00e4mman den 17 mars kommer snart delas ut till medlemmarna. Under tiden kan man hitta dem under St\u00e4mma och \u00e5rsredovisning H\u00c4R. &nbsp; Det har kommit kommentarer kring arbetet med ombyggnaden av styrelselokalen p\u00e5 17 D som l\u00e5ter en del, h\u00e4r f\u00f6ljer information: Arbetet med att f\u00f6rvandla v\u00e5r styrelselokal till att \u00e4ven inkludera en &hellip; <\/p>\n<p><a class=\"more-link btn\" href=\"https:\/\/riddaren24.se\/?p=7247\">Forts\u00e4tt l\u00e4sa<\/a><\/p>\n","protected":false},"author":13,"featured_media":0,"comment_status":"closed","ping_status":"closed","sticky":false,"template":"","format":"standard","meta":{"footnotes":""},"categories":[1],"tags":[],"class_list":["post-7247","post","type-post","status-publish","format-standard","hentry","category-okategoriserade","item-wrap"],"_links":{"self":[{"href":"https:\/\/riddaren24.se\/index.php?rest_route=\/wp\/v2\/posts\/7247","targetHints":{"allow":["GET"]}}],"collection":[{"href":"https:\/\/riddaren24.se\/index.php?rest_route=\/wp\/v2\/posts"}],"about":[{"href":"https:\/\/riddaren24.se\/index.php?rest_route=\/wp\/v2\/types\/post"}],"author":[{"embeddable":true,"href":"https:\/\/riddaren24.se\/index.php?rest_route=\/wp\/v2\/users\/13"}],"replies":[{"embeddable":true,"href":"https:\/\/riddaren24.se\/index.php?rest_route=%2Fwp%2Fv2%2Fcomments&post=7247"}],"version-history":[{"count":3,"href":"https:\/\/riddaren24.se\/index.php?rest_route=\/wp\/v2\/posts\/7247\/revisions"}],"predecessor-version":[{"id":7250,"href":"https:\/\/riddaren24.se\/index.php?rest_route=\/wp\/v2\/posts\/7247\/revisions\/7250"}],"wp:attachment":[{"href":"https:\/\/riddaren24.se\/index.php?rest_route=%2Fwp%2Fv2%2Fmedia&parent=7247"}],"wp:term":[{"taxonomy":"category","embeddable":true,"href":"https:\/\/riddaren24.se\/index.php?rest_route=%2Fwp%2Fv2%2Fcategories&post=7247"},{"taxonomy":"post_tag","embeddable":true,"href":"https:\/\/riddaren24.se\/index.php?rest_route=%2Fwp%2Fv2%2Ftags&post=7247"}],"curies":[{"name":"wp","href":"https:\/\/api.w.org\/{rel}","templated":true}]}}