{"id":7237,"date":"2025-02-23T15:17:02","date_gmt":"2025-02-23T13:17:02","guid":{"rendered":"https:\/\/riddaren24.se\/?p=7237"},"modified":"2025-02-23T15:17:02","modified_gmt":"2025-02-23T13:17:02","slug":"information-fran-styrelsemotet-25-02-18","status":"publish","type":"post","link":"https:\/\/riddaren24.se\/?p=7237","title":{"rendered":"Information fr\u00e5n styrelsem\u00f6tet 25-02-18"},"content":{"rendered":"<ul>\n<li>Diskussion kring beslutspunkt f\u00f6r extrast\u00e4mman efter samtal med jurist. Beslutspunkt kommer bli hur vi hanterar \u00e5terst\u00e4llande av l\u00e4genheter. (M\u00e5ndag den 17 mars 2025, klockan 19.00 i Brygghuset, Norrtullsgatan 12N, lokal J\u00e4skaret). Kallelse delas ut senast 2 mars.<\/li>\n<li>Beslut kring stambyte n\u00e4rmar sig, trolig start n\u00e5gon g\u00e5ng i april. Mer information kommer finnas till extrast\u00e4mman.<\/li>\n<li>Vi kommer \u00e5terigen att f\u00e5 en ny fastighetssk\u00f6tare, Mattias, som kommer arbeta tillsammans med Peter Th\u00f6rnblom som kommer tillbaka. Mer info kommer.<\/li>\n<li>Vi b\u00f6rjar f\u00e5 allt klart inf\u00f6r renovering av garageinfarten, det kommer bli ett gemensamt projekt mellan v\u00e5r f\u00f6rening, Stockholm Parkering och Samf\u00e4lligheten med en f\u00f6rdelning av kostnaderna.<\/li>\n<li>Vi b\u00f6rjar f\u00e5 r\u00e5ttproblem p\u00e5 g\u00e5rdarna: Kontakt med Anticimex och BRF Almen tas kring detta. Vi kommer beh\u00f6va g\u00f6ra n\u00e5got \u00e5t uteplatser p\u00e5 b\u00e5de 15- och 17-g\u00e5rden.<\/li>\n<li>Vi tar in offerter kring mattor i hissar och trappuppg\u00e5ngar f\u00f6r att byta leverant\u00f6r d\u00e5 vi inte f\u00e5tt bukt med de illaluktande mattorna.<\/li>\n<li>Det verkar ha blivit strul kring avgiften f\u00f6r nyinflyttade, diskussion med Delagott kring detta. V\u00e4lkomstbrevet till nya medlemmar \u00e4r ocks\u00e5 uppdaterat s\u00e5 att det framg\u00e5r att Aptus-appen ocks\u00e5 kan anv\u00e4ndas till att \u00f6ppna d\u00f6rrar.<\/li>\n<li>Placeringskontot \u00e4r nu avslutat och pengarna finns p\u00e5 sparkontot inf\u00f6r projekt som startar.<\/li>\n<li>Arbetet med ombyggnad av styrelserummet s\u00e5 det blir styrelserum + stambyteslokal p\u00e5g\u00e5r.<\/li>\n<li>Arbetet med bokslut och f\u00f6rvaltningsber\u00e4ttelse p\u00e5g\u00e5r.<\/li>\n<li>Vi inv\u00e4ntar att f\u00e5 sista avtalsdelen p\u00e5 plats f\u00f6r test av app inom f\u00f6reningen. Mer info p\u00e5 n\u00e4sta \u00d6ppet Hus.<\/li>\n<li>Ny b\u00e4nk och ankelband har best\u00e4llt till gymmet.<\/li>\n<li>Vi kommer fundera p\u00e5 hur vi ska komma tillr\u00e4tta med att verktyg f\u00f6rsvinner fr\u00e5n hobbyrummet.<\/li>\n<\/ul>\n","protected":false},"excerpt":{"rendered":"<p>Diskussion kring beslutspunkt f\u00f6r extrast\u00e4mman efter samtal med jurist. Beslutspunkt kommer bli hur vi hanterar \u00e5terst\u00e4llande av l\u00e4genheter. (M\u00e5ndag den 17 mars 2025, klockan 19.00 i Brygghuset, Norrtullsgatan 12N, lokal J\u00e4skaret). Kallelse delas ut senast 2 mars. Beslut kring stambyte n\u00e4rmar sig, trolig start n\u00e5gon g\u00e5ng i april. Mer information kommer finnas till extrast\u00e4mman. Vi &hellip; <\/p>\n<p><a class=\"more-link btn\" href=\"https:\/\/riddaren24.se\/?p=7237\">Forts\u00e4tt l\u00e4sa<\/a><\/p>\n","protected":false},"author":13,"featured_media":0,"comment_status":"closed","ping_status":"closed","sticky":false,"template":"","format":"standard","meta":{"footnotes":""},"categories":[1],"tags":[],"class_list":["post-7237","post","type-post","status-publish","format-standard","hentry","category-okategoriserade","item-wrap"],"_links":{"self":[{"href":"https:\/\/riddaren24.se\/index.php?rest_route=\/wp\/v2\/posts\/7237","targetHints":{"allow":["GET"]}}],"collection":[{"href":"https:\/\/riddaren24.se\/index.php?rest_route=\/wp\/v2\/posts"}],"about":[{"href":"https:\/\/riddaren24.se\/index.php?rest_route=\/wp\/v2\/types\/post"}],"author":[{"embeddable":true,"href":"https:\/\/riddaren24.se\/index.php?rest_route=\/wp\/v2\/users\/13"}],"replies":[{"embeddable":true,"href":"https:\/\/riddaren24.se\/index.php?rest_route=%2Fwp%2Fv2%2Fcomments&post=7237"}],"version-history":[{"count":1,"href":"https:\/\/riddaren24.se\/index.php?rest_route=\/wp\/v2\/posts\/7237\/revisions"}],"predecessor-version":[{"id":7238,"href":"https:\/\/riddaren24.se\/index.php?rest_route=\/wp\/v2\/posts\/7237\/revisions\/7238"}],"wp:attachment":[{"href":"https:\/\/riddaren24.se\/index.php?rest_route=%2Fwp%2Fv2%2Fmedia&parent=7237"}],"wp:term":[{"taxonomy":"category","embeddable":true,"href":"https:\/\/riddaren24.se\/index.php?rest_route=%2Fwp%2Fv2%2Fcategories&post=7237"},{"taxonomy":"post_tag","embeddable":true,"href":"https:\/\/riddaren24.se\/index.php?rest_route=%2Fwp%2Fv2%2Ftags&post=7237"}],"curies":[{"name":"wp","href":"https:\/\/api.w.org\/{rel}","templated":true}]}}