{"id":7216,"date":"2025-02-12T15:00:57","date_gmt":"2025-02-12T13:00:57","guid":{"rendered":"https:\/\/riddaren24.se\/?p=7216"},"modified":"2025-02-11T20:54:54","modified_gmt":"2025-02-11T18:54:54","slug":"planerat-elavbrott-17-e-f","status":"publish","type":"post","link":"https:\/\/riddaren24.se\/?p=7216","title":{"rendered":"Planerat elavbrott 17 E-F"},"content":{"rendered":"<h3 data-start=\"0\" data-end=\"36\"><strong data-start=\"4\" data-end=\"34\">Information om centralbyte<\/strong><\/h3>\n<p data-start=\"38\" data-end=\"60\"><strong data-start=\"38\" data-end=\"58\">Datum och tider:<\/strong><\/p>\n<ul data-start=\"61\" data-end=\"244\">\n<li data-start=\"61\" data-end=\"185\"><strong data-start=\"63\" data-end=\"72\">19\/2:<\/strong> Byte av elcentralen. <strong data-start=\"94\" data-end=\"131\">Str\u00f6mmen avst\u00e4ngd kl. 08:00\u201316:00<\/strong> (kan \u00e5terst\u00e4llas tidigare om arbetet g\u00e5r snabbare).<\/li>\n<li data-start=\"186\" data-end=\"244\"><strong data-start=\"188\" data-end=\"197\">20\/2:<\/strong> Slutjusteringar, <strong data-start=\"215\" data-end=\"241\">ingen str\u00f6mavst\u00e4ngning<\/strong>.<\/li>\n<\/ul>\n<p data-start=\"246\" data-end=\"361\"><strong data-start=\"246\" data-end=\"259\">P\u00e5verkan:<\/strong><br data-start=\"259\" data-end=\"262\" \/>Den enda dagen med str\u00f6mavbrott i <strong data-start=\"296\" data-end=\"320\">trapphus 17E och 17F<\/strong> \u00e4r <strong data-start=\"324\" data-end=\"332\">19\/2<\/strong>. Under avbrottet p\u00e5verkas:<\/p>\n<ul data-start=\"362\" data-end=\"505\">\n<li data-start=\"362\" data-end=\"392\"><strong data-start=\"364\" data-end=\"390\">Hissarna i 17E och 17F<\/strong><\/li>\n<li data-start=\"393\" data-end=\"437\"><strong data-start=\"395\" data-end=\"435\">Ventilationen p\u00e5 taket (17E och 17F)<\/strong><\/li>\n<li data-start=\"438\" data-end=\"461\"><strong data-start=\"440\" data-end=\"459\">Internet\/Comhem<\/strong><\/li>\n<li data-start=\"462\" data-end=\"505\"><strong data-start=\"464\" data-end=\"503\">Belysning i trapphus och k\u00e4llarg\u00e5ng<\/strong><\/li>\n<\/ul>\n<p data-start=\"507\" data-end=\"534\" data-is-last-node=\"\">\n<p data-start=\"507\" data-end=\"534\" data-is-last-node=\"\">Tack f\u00f6r er f\u00f6rst\u00e5else! &#x1f6a7;&#x26a1;<\/p>\n","protected":false},"excerpt":{"rendered":"<p>Information om centralbyte Datum och tider: 19\/2: Byte av elcentralen. Str\u00f6mmen avst\u00e4ngd kl. 08:00\u201316:00 (kan \u00e5terst\u00e4llas tidigare om arbetet g\u00e5r snabbare). 20\/2: Slutjusteringar, ingen str\u00f6mavst\u00e4ngning. P\u00e5verkan:Den enda dagen med str\u00f6mavbrott i trapphus 17E och 17F \u00e4r 19\/2. Under avbrottet p\u00e5verkas: Hissarna i 17E och 17F Ventilationen p\u00e5 taket (17E och 17F) Internet\/Comhem Belysning i trapphus &hellip; <\/p>\n<p><a class=\"more-link btn\" href=\"https:\/\/riddaren24.se\/?p=7216\">Forts\u00e4tt l\u00e4sa<\/a><\/p>\n","protected":false},"author":21,"featured_media":0,"comment_status":"closed","ping_status":"closed","sticky":false,"template":"","format":"standard","meta":{"footnotes":""},"categories":[1],"tags":[],"class_list":["post-7216","post","type-post","status-publish","format-standard","hentry","category-okategoriserade","item-wrap"],"_links":{"self":[{"href":"https:\/\/riddaren24.se\/index.php?rest_route=\/wp\/v2\/posts\/7216","targetHints":{"allow":["GET"]}}],"collection":[{"href":"https:\/\/riddaren24.se\/index.php?rest_route=\/wp\/v2\/posts"}],"about":[{"href":"https:\/\/riddaren24.se\/index.php?rest_route=\/wp\/v2\/types\/post"}],"author":[{"embeddable":true,"href":"https:\/\/riddaren24.se\/index.php?rest_route=\/wp\/v2\/users\/21"}],"replies":[{"embeddable":true,"href":"https:\/\/riddaren24.se\/index.php?rest_route=%2Fwp%2Fv2%2Fcomments&post=7216"}],"version-history":[{"count":1,"href":"https:\/\/riddaren24.se\/index.php?rest_route=\/wp\/v2\/posts\/7216\/revisions"}],"predecessor-version":[{"id":7226,"href":"https:\/\/riddaren24.se\/index.php?rest_route=\/wp\/v2\/posts\/7216\/revisions\/7226"}],"wp:attachment":[{"href":"https:\/\/riddaren24.se\/index.php?rest_route=%2Fwp%2Fv2%2Fmedia&parent=7216"}],"wp:term":[{"taxonomy":"category","embeddable":true,"href":"https:\/\/riddaren24.se\/index.php?rest_route=%2Fwp%2Fv2%2Fcategories&post=7216"},{"taxonomy":"post_tag","embeddable":true,"href":"https:\/\/riddaren24.se\/index.php?rest_route=%2Fwp%2Fv2%2Ftags&post=7216"}],"curies":[{"name":"wp","href":"https:\/\/api.w.org\/{rel}","templated":true}]}}