{"id":7175,"date":"2025-01-11T16:06:04","date_gmt":"2025-01-11T14:06:04","guid":{"rendered":"https:\/\/riddaren24.se\/?p=7175"},"modified":"2025-01-11T16:06:04","modified_gmt":"2025-01-11T14:06:04","slug":"information-fran-senaste-styrelsemoten-och-arbetsdag","status":"publish","type":"post","link":"https:\/\/riddaren24.se\/?p=7175","title":{"rendered":"Information fr\u00e5n senaste styrelsem\u00f6ten och arbetsdag"},"content":{"rendered":"<p>Se nedan f\u00f6r information fr\u00e5n senaste styrelsem\u00f6ten och den arbetsdag styrelsen hade i oktober:<\/p>\n<ul>\n<li>Vi har f\u00e5tt lokalen p\u00e5 Frejgatan 59 uthyrd fr\u00e5n april! Bredablick F\u00f6rvaltning blir ny hyresg\u00e4st.<\/li>\n<li>Vi kommer b\u00f6rja med sortering av matavall under 2025! Speciella gr\u00f6na p\u00e5sar kommer delas ut f\u00f6r detta och matavfallet sl\u00e4ngs i den gr\u00f6na p\u00e5sen direkt i sopnedkastet. Mer information kommer under v\u00e5ren.<\/li>\n<li>Vi planerar f\u00f6r extrast\u00e4mma kring stambyte i mars, troligt 17 mars. Om m\u00f6jligt h\u00e5ller vi den i lokalen p\u00e5 Frejgatan 59 medan den st\u00e5r tom, ej klart \u00e4nnu d\u00e5 stambytesarbete fortfarande p\u00e5g\u00e5r.<\/li>\n<li>Resultatet f\u00f6r f\u00f6rra \u00e5ret ser bra ut j\u00e4mf\u00f6rt med budget. Beslut att inte amortera n\u00e5got under 2024 utan beh\u00e5lla likvida medel till investeringar under 2025.<\/li>\n<li>Budget f\u00f6r 2025 antagen.\n<ul>\n<li>Beslutar att h\u00f6ja avgiften med 3,5% fr\u00e5n 1 januari f\u00f6r bostadsr\u00e4tterna.<\/li>\n<li>Vi h\u00f6jer avgifterna f\u00f6r intressef\u00f6reningarna n\u00e5got fr\u00e5n 1 januari<\/li>\n<\/ul>\n<\/li>\n<li>Skatteverket har meddelat beslut ang\u00e5ende v\u00e5ra korrigerade deklarationer f\u00f6r 2022 till v\u00e5r f\u00f6rdel. Delagott uppt\u00e4ckte att v\u00e5r tidigare f\u00f6rvaltare inte deklarerat korrekt.<\/li>\n<li>Vi kommer ha en tidigare hyresr\u00e4tt till f\u00f6rs\u00e4ljning under 2025. Visst arbete kommer ske innan f\u00f6rs\u00e4ljning.<\/li>\n<li>Vi planerar g\u00f6ra om ytan vit tr\u00e4det utanf\u00f6r garaget. Tr\u00e4det ska vara kvar, l\u00e4gga plattor, b\u00e4ttre belysning, nya leveransboxar.<\/li>\n<li>Vi har f\u00e5tt reda p\u00e5 att en l\u00e4genhet hyrts ut via AirBnb utan att s\u00f6ka tillst\u00e5nd f\u00f6r andrahandsuthyrning, vilket inte \u00e4r till\u00e5tet.<\/li>\n<li>Eventuellt titta p\u00e5\/g\u00f6ra testrenovering p\u00e5 en elcentral. V\u00e5ra elcentraler v\u00e5llar oss vissa bekymmer och vi b\u00f6r g\u00f6ra n\u00e5got \u00e5t dem inom de n\u00e4rmsta \u00e5ren.<\/li>\n<li>Titta p\u00e5 l\u00f6sning f\u00f6r ventilationen p\u00e5 taken och om man ist\u00e4llet kan ha en variant d\u00e4r man kan placera en maskin i blindk\u00e4llaren f\u00f6r att \u00e5tervinna v\u00e4rmen. Kommer ocks\u00e5 beh\u00f6va byta expansionsk\u00e4rlen under 2025.<\/li>\n<li>M\u00e5nga verktyg har tyv\u00e4rr f\u00f6rsvunnit fr\u00e5n hobbyrummet. Det \u00e4r synd att det stj\u00e4ls verktyg ist\u00e4llet f\u00f6r att l\u00e5na och l\u00e4mna tillbaka. (Vet man att man gl\u00f6mt l\u00e4mna tillbaka f\u00e5r man g\u00e4rna g\u00f6ra det, annars m\u00e5ste vi se \u00f6ver hur vi g\u00f6r med verktyg i lokalen.)<\/li>\n<li>Vi tittar p\u00e5 leverant\u00f6rer f\u00f6r tr\u00e4dg\u00e5rdssk\u00f6tsel.<\/li>\n<li>\u00c5terst\u00e5r fortfarande en bit av avskiljaren mellan sand och jord p\u00e5 15-g\u00e5rden. Vi har kontakt med projektledaren f\u00f6r detta.<\/li>\n<li>Plattarbetet p\u00e5 Hagagr\u00e4nd \u00e4r utf\u00f6rt och klart<\/li>\n<li>Vi tittar p\u00e5 brandskyddet som vi m\u00e5ste ha, kommer komma nya regler.<\/li>\n<li>Tittar p\u00e5 utbildning kring skyddsrummen. Upprustningen \u00e4r klar men bra om fler i huset har utbildning i vad som kr\u00e4vs f\u00f6r att st\u00e4lla i ordning dem.<\/li>\n<li>Renoveringen av horisontella stammar forts\u00e4tter. Frejgatan upp mot Micasa har visat sig mer komplicerat \u00e4n vad vi initialt kunde se.<\/li>\n<li>Vi tar upp dialog med st\u00e4df\u00f6retaget\/underleverant\u00f6r d\u00e5 mattorna i hissar och trappuppg\u00e5ngar luktar illa<\/li>\n<li>Vi h\u00e4lsar nya medlemmar v\u00e4lkomna p\u00e5 15E, 15G, 17J, 17N och 17M!<\/li>\n<\/ul>\n","protected":false},"excerpt":{"rendered":"<p>Se nedan f\u00f6r information fr\u00e5n senaste styrelsem\u00f6ten och den arbetsdag styrelsen hade i oktober: Vi har f\u00e5tt lokalen p\u00e5 Frejgatan 59 uthyrd fr\u00e5n april! Bredablick F\u00f6rvaltning blir ny hyresg\u00e4st. Vi kommer b\u00f6rja med sortering av matavall under 2025! Speciella gr\u00f6na p\u00e5sar kommer delas ut f\u00f6r detta och matavfallet sl\u00e4ngs i den gr\u00f6na p\u00e5sen direkt i &hellip; <\/p>\n<p><a class=\"more-link btn\" href=\"https:\/\/riddaren24.se\/?p=7175\">Forts\u00e4tt l\u00e4sa<\/a><\/p>\n","protected":false},"author":13,"featured_media":0,"comment_status":"closed","ping_status":"closed","sticky":false,"template":"","format":"standard","meta":{"footnotes":""},"categories":[1],"tags":[],"class_list":["post-7175","post","type-post","status-publish","format-standard","hentry","category-okategoriserade","item-wrap"],"_links":{"self":[{"href":"https:\/\/riddaren24.se\/index.php?rest_route=\/wp\/v2\/posts\/7175","targetHints":{"allow":["GET"]}}],"collection":[{"href":"https:\/\/riddaren24.se\/index.php?rest_route=\/wp\/v2\/posts"}],"about":[{"href":"https:\/\/riddaren24.se\/index.php?rest_route=\/wp\/v2\/types\/post"}],"author":[{"embeddable":true,"href":"https:\/\/riddaren24.se\/index.php?rest_route=\/wp\/v2\/users\/13"}],"replies":[{"embeddable":true,"href":"https:\/\/riddaren24.se\/index.php?rest_route=%2Fwp%2Fv2%2Fcomments&post=7175"}],"version-history":[{"count":1,"href":"https:\/\/riddaren24.se\/index.php?rest_route=\/wp\/v2\/posts\/7175\/revisions"}],"predecessor-version":[{"id":7176,"href":"https:\/\/riddaren24.se\/index.php?rest_route=\/wp\/v2\/posts\/7175\/revisions\/7176"}],"wp:attachment":[{"href":"https:\/\/riddaren24.se\/index.php?rest_route=%2Fwp%2Fv2%2Fmedia&parent=7175"}],"wp:term":[{"taxonomy":"category","embeddable":true,"href":"https:\/\/riddaren24.se\/index.php?rest_route=%2Fwp%2Fv2%2Fcategories&post=7175"},{"taxonomy":"post_tag","embeddable":true,"href":"https:\/\/riddaren24.se\/index.php?rest_route=%2Fwp%2Fv2%2Ftags&post=7175"}],"curies":[{"name":"wp","href":"https:\/\/api.w.org\/{rel}","templated":true}]}}