{"id":709,"date":"2011-02-02T23:14:53","date_gmt":"2011-02-02T22:14:53","guid":{"rendered":"http:\/\/riddaren24.se\/?p=709"},"modified":"2011-02-22T22:42:52","modified_gmt":"2011-02-22T21:42:52","slug":"garagerenovering-stundar","status":"publish","type":"post","link":"https:\/\/riddaren24.se\/?p=709","title":{"rendered":"Garagerenovering stundar"},"content":{"rendered":"<p style=\"text-align: justify;\">Nu \u00e4r det snart dags att dra ig\u00e5ng f\u00f6reningens enskilt st\u00f6rsta projekt,\u00a0arbetet med att renovera f\u00f6reningens garage.\u00a0Garaget \u00e4r i ett\u00a0d\u00e5ligt skick sedan l\u00e4nge, f\u00f6reningen har\u00a0fonderade medel i den ekonomiska planen f\u00f6r denna \u00e5tg\u00e4rd.\u00a0Styrelsen har anlitat en betongkonsult som under december och januari tagit en stor\u00a0m\u00e4ngd betongprover i garaget, analyserat dessa\u00a0och\u00a0sammanst\u00e4llt ett omfattande upphandlingsunderlag som nu skickats ut till en handfull entrepren\u00f6rer, dessa kommer inom kort kommer att inkomma med anbud p\u00e5 entreprenaden. Styrelsen kommer med hj\u00e4lp av v\u00e5r\u00a0betongkonsult\u00a0och\u00a0Flodafors ingenj\u00f6r att\u00a0sammanst\u00e4lla alla anbud f\u00f6r att sedan\u00a0ta beslut om vilket\u00a0alternativ som \u00e4r b\u00e4st f\u00f6r f\u00f6reningen.\u00a0I korthet skall\u00a0samtliga garageplan\u00a0genomg\u00e5 omfattande vattenbiling av betongbj\u00e4lklag och\u00a0samtliga pelare, d\u00e4refter f\u00f6rst\u00e4rks konstruktionen med till\u00e4ggsarmering med p\u00e5f\u00f6ljande gjutning. Ovanp\u00e5 betongen\u00a0 l\u00e4ggs ett t\u00e4tskikt och\u00a0d\u00e4refter en ny slitbana i form av gjutasfalt.\u00a0Slutligen\u00a0skall\u00a0garaget m\u00e5las och ny belysning installeras.\u00a0Arbetet p\u00e5b\u00f6rjas i m\u00e5nadsskiftet mars\/april 2011\u00a0och kommer att\u00a0p\u00e5g\u00e5 under en\u00a0l\u00e5ng tid.\u00a0N\u00e4r arbetet startar kommer stora delar av garaget att beh\u00f6va tomst\u00e4llas d\u00e5 inga bilar kan st\u00e5 parkerade p\u00e5 det garageplan som underg\u00e5r renovering, av s\u00e4kerhetssk\u00e4l f\u00e5r heller inga bilar eller m\u00e4nniskor befinna sig p\u00e5 det garageplan som \u00e4r bel\u00e4get direkt\u00a0under det plan d\u00e4r arbete p\u00e5g\u00e5r.\u00a0V\u00e5rt garage \u00e4r uthyrt till Stockholm Parkering AB som\u00a0i sin tur ansvarar f\u00f6r uthyrning av garageplatserna till privatpersoner och f\u00f6retag. De\u00a0underhyresg\u00e4ster som ber\u00f6rs av\u00a0renoveringen\u00a0kommer minst en m\u00e5nad i f\u00f6rv\u00e4g bli kontaktade via brev fr\u00e5n parkeringsbolaget.\u00a0Eftersom hela garaget skall renoveras kommer alla parkeringsplatser att bli avst\u00e4ngda under en l\u00e4ngre tidsperiod dock ej samtidigt, exakt tidplan f\u00f6r\u00a0respektive etappindelning \u00e4r idag inte fastst\u00e4lld. Klart \u00e4r att\u00a0f\u00f6rsta etappen innefattar avst\u00e4nging av plan 3 och 2 (h\u00f6gst upp och mittenplanet),\u00a0d\u00e4refter\u00a0kommer plan\u00a01 (l\u00e4ngst ner)\u00a0och slutligen skall samtliga pelare och refuger\u00a0inom de allm\u00e4nna parkeringsytorna renoveras.\u00a0<\/p>\n","protected":false},"excerpt":{"rendered":"<p>Nu \u00e4r det snart dags att dra ig\u00e5ng f\u00f6reningens enskilt st\u00f6rsta projekt,\u00a0arbetet med att renovera f\u00f6reningens garage.\u00a0Garaget \u00e4r i ett\u00a0d\u00e5ligt skick sedan l\u00e4nge, f\u00f6reningen har\u00a0fonderade medel i den ekonomiska planen f\u00f6r denna \u00e5tg\u00e4rd.\u00a0Styrelsen har anlitat en betongkonsult som under december och januari tagit en stor\u00a0m\u00e4ngd betongprover i garaget, analyserat dessa\u00a0och\u00a0sammanst\u00e4llt ett omfattande upphandlingsunderlag som nu &hellip; <\/p>\n<p><a class=\"more-link btn\" href=\"https:\/\/riddaren24.se\/?p=709\">Forts\u00e4tt l\u00e4sa<\/a><\/p>\n","protected":false},"author":6,"featured_media":0,"comment_status":"closed","ping_status":"closed","sticky":false,"template":"","format":"standard","meta":{"footnotes":""},"categories":[10,1],"tags":[],"class_list":["post-709","post","type-post","status-publish","format-standard","hentry","category-forvaltning","category-okategoriserade","item-wrap"],"_links":{"self":[{"href":"https:\/\/riddaren24.se\/index.php?rest_route=\/wp\/v2\/posts\/709","targetHints":{"allow":["GET"]}}],"collection":[{"href":"https:\/\/riddaren24.se\/index.php?rest_route=\/wp\/v2\/posts"}],"about":[{"href":"https:\/\/riddaren24.se\/index.php?rest_route=\/wp\/v2\/types\/post"}],"author":[{"embeddable":true,"href":"https:\/\/riddaren24.se\/index.php?rest_route=\/wp\/v2\/users\/6"}],"replies":[{"embeddable":true,"href":"https:\/\/riddaren24.se\/index.php?rest_route=%2Fwp%2Fv2%2Fcomments&post=709"}],"version-history":[{"count":4,"href":"https:\/\/riddaren24.se\/index.php?rest_route=\/wp\/v2\/posts\/709\/revisions"}],"predecessor-version":[{"id":712,"href":"https:\/\/riddaren24.se\/index.php?rest_route=\/wp\/v2\/posts\/709\/revisions\/712"}],"wp:attachment":[{"href":"https:\/\/riddaren24.se\/index.php?rest_route=%2Fwp%2Fv2%2Fmedia&parent=709"}],"wp:term":[{"taxonomy":"category","embeddable":true,"href":"https:\/\/riddaren24.se\/index.php?rest_route=%2Fwp%2Fv2%2Fcategories&post=709"},{"taxonomy":"post_tag","embeddable":true,"href":"https:\/\/riddaren24.se\/index.php?rest_route=%2Fwp%2Fv2%2Ftags&post=709"}],"curies":[{"name":"wp","href":"https:\/\/api.w.org\/{rel}","templated":true}]}}