{"id":6680,"date":"2024-01-31T01:36:45","date_gmt":"2024-01-30T23:36:45","guid":{"rendered":"https:\/\/riddaren24.se\/?p=6680"},"modified":"2024-01-31T01:36:45","modified_gmt":"2024-01-30T23:36:45","slug":"information-fran-styrelsemotet-24-01-16","status":"publish","type":"post","link":"https:\/\/riddaren24.se\/?p=6680","title":{"rendered":"Information fr\u00e5n styrelsem\u00f6tet 24-01-16"},"content":{"rendered":"<ul>\n<li>Snabb \u00f6versyn av ekonomin 2023. \u00d6kad oms\u00e4ttning med ca 3 Mkr j\u00e4mf\u00f6rt med 2022, mycket beroende p\u00e5 att alla lokaler nu \u00e4r uthyrda.<\/li>\n<li>Amortering av l\u00e5n med 3,5 Mkr skedde som beslutat i december, l\u00e5nebilden \u00e4r uppdaterad.<\/li>\n<li>Rapportering fr\u00e5n driftsm\u00f6tet tidigare p\u00e5 dagen; genomg\u00e5ng av underh\u00e5llsplanen och de punkter som finns f\u00f6r 2024 och 2025.<\/li>\n<li>Offert f\u00f6r stambytet f\u00f6r de horisontella stammar som \u00e5terst\u00e5r att fixa godk\u00e4ndes.<\/li>\n<li>Rapportering kring installerandet av s\u00e4kerhetsd\u00f6rrar hos v\u00e5ra hyresg\u00e4ster.<\/li>\n<li>Diskussion kring informationsl\u00f6sning fram\u00e5t d\u00e5 v\u00e5ra sk\u00e4rmar b\u00f6rjar g\u00e5 s\u00f6nder.<\/li>\n<li>Genomg\u00e5ng av oanv\u00e4nda pass f\u00f6r gym och bastu. De medlemmar med tillr\u00e4ckligt m\u00e5nga oanv\u00e4nda pass har vidtalats. Bastun har just nu h\u00f6gre tryck \u00e4n vanligt med m\u00e5nga som vill nyttja den.<\/li>\n<li>Diskussion kring att leasa nya apparater till gymmet eller ej. Ocks\u00e5 diskussion kring serviceniv\u00e5n hos det bolag d\u00e4r vi idag har avtal, d\u00e5 det ibland tagit l\u00e5ng tid att f\u00e5 saker fixade.<\/li>\n<li>Genomg\u00e5ng av processen f\u00f6r f\u00f6rr\u00e5dsuthyrning d\u00e5 den inte riktigt fungerat som vi t\u00e4nkt efter byte av f\u00f6rvaltare.<\/li>\n<\/ul>\n","protected":false},"excerpt":{"rendered":"<p>Snabb \u00f6versyn av ekonomin 2023. \u00d6kad oms\u00e4ttning med ca 3 Mkr j\u00e4mf\u00f6rt med 2022, mycket beroende p\u00e5 att alla lokaler nu \u00e4r uthyrda. Amortering av l\u00e5n med 3,5 Mkr skedde som beslutat i december, l\u00e5nebilden \u00e4r uppdaterad. Rapportering fr\u00e5n driftsm\u00f6tet tidigare p\u00e5 dagen; genomg\u00e5ng av underh\u00e5llsplanen och de punkter som finns f\u00f6r 2024 och 2025. &hellip; <\/p>\n<p><a class=\"more-link btn\" href=\"https:\/\/riddaren24.se\/?p=6680\">Forts\u00e4tt l\u00e4sa<\/a><\/p>\n","protected":false},"author":13,"featured_media":0,"comment_status":"closed","ping_status":"closed","sticky":false,"template":"","format":"standard","meta":{"footnotes":""},"categories":[1],"tags":[],"class_list":["post-6680","post","type-post","status-publish","format-standard","hentry","category-okategoriserade","item-wrap"],"_links":{"self":[{"href":"https:\/\/riddaren24.se\/index.php?rest_route=\/wp\/v2\/posts\/6680","targetHints":{"allow":["GET"]}}],"collection":[{"href":"https:\/\/riddaren24.se\/index.php?rest_route=\/wp\/v2\/posts"}],"about":[{"href":"https:\/\/riddaren24.se\/index.php?rest_route=\/wp\/v2\/types\/post"}],"author":[{"embeddable":true,"href":"https:\/\/riddaren24.se\/index.php?rest_route=\/wp\/v2\/users\/13"}],"replies":[{"embeddable":true,"href":"https:\/\/riddaren24.se\/index.php?rest_route=%2Fwp%2Fv2%2Fcomments&post=6680"}],"version-history":[{"count":1,"href":"https:\/\/riddaren24.se\/index.php?rest_route=\/wp\/v2\/posts\/6680\/revisions"}],"predecessor-version":[{"id":6681,"href":"https:\/\/riddaren24.se\/index.php?rest_route=\/wp\/v2\/posts\/6680\/revisions\/6681"}],"wp:attachment":[{"href":"https:\/\/riddaren24.se\/index.php?rest_route=%2Fwp%2Fv2%2Fmedia&parent=6680"}],"wp:term":[{"taxonomy":"category","embeddable":true,"href":"https:\/\/riddaren24.se\/index.php?rest_route=%2Fwp%2Fv2%2Fcategories&post=6680"},{"taxonomy":"post_tag","embeddable":true,"href":"https:\/\/riddaren24.se\/index.php?rest_route=%2Fwp%2Fv2%2Ftags&post=6680"}],"curies":[{"name":"wp","href":"https:\/\/api.w.org\/{rel}","templated":true}]}}