{"id":6622,"date":"2023-12-01T00:35:56","date_gmt":"2023-11-30T22:35:56","guid":{"rendered":"http:\/\/riddaren24.se\/?p=6622"},"modified":"2023-12-01T00:35:56","modified_gmt":"2023-11-30T22:35:56","slug":"julmingel-16-december-kl-15-17","status":"publish","type":"post","link":"https:\/\/riddaren24.se\/?p=6622","title":{"rendered":"Julmingel 16 december kl 15-17"},"content":{"rendered":"<p style=\"text-align: center;\"><a href=\"http:\/\/riddaren24.se\/wp-content\/uploads\/2022\/12\/Julmingel-2022.jpg\"><img loading=\"lazy\" decoding=\"async\" class=\"alignnone size-full wp-image-6313\" src=\"http:\/\/riddaren24.se\/wp-content\/uploads\/2022\/12\/Julmingel-2022.jpg\" alt=\"\" width=\"260\" height=\"356\" srcset=\"https:\/\/riddaren24.se\/wp-content\/uploads\/2022\/12\/Julmingel-2022.jpg 260w, https:\/\/riddaren24.se\/wp-content\/uploads\/2022\/12\/Julmingel-2022-219x300.jpg 219w\" sizes=\"auto, (max-width: 260px) 100vw, 260px\" \/><\/a><\/p>\n<p>&nbsp;<\/p>\n<p style=\"text-align: center;\"><strong><em>Snart \u00e4r det Jul igen!<\/em><\/strong><\/p>\n<p><strong><em>V\u00e4lkomna till \u00e5rets Julmingel i f\u00f6reningslokalen p\u00e5 17- g\u00e5rden, l\u00f6rdagen den 16\/12 mellan 15.00 -17.00.<\/em><\/strong><\/p>\n<p><strong><em>Det bjuds p\u00e5 korv med br\u00f6d, gl\u00f6gg med tilltugg, kaffe och lussebullar samt godisp\u00e5sar till barnen.<\/em><\/strong><\/p>\n<p><strong><em>\u00a0Anm\u00e4l Er senast 9\/12 om ni kommer och om ni har n\u00e5gra allergier eller andra \u00f6nskem\u00e5l. Maila till <\/em><\/strong><a href=\"mailto:styrelsen.riddarsporren24@gmail.com\"><strong><em>styrelsen.riddarsporren24@gmail.com<\/em><\/strong><\/a> <strong>\u00a0<\/strong><strong><em>eller l\u00e4gg en lapp i f\u00f6reningslokalens brevinkast och ange hur m\u00e5nga som kommer och hur m\u00e5nga som \u00e4r barn.\u00a0 <\/em><\/strong><\/p>\n<p><strong><em>Varmt v\u00e4lkomna!<\/em><\/strong><\/p>\n<p><strong><em>Styrelsen.<\/em><\/strong><\/p>\n","protected":false},"excerpt":{"rendered":"<p>&nbsp; Snart \u00e4r det Jul igen! V\u00e4lkomna till \u00e5rets Julmingel i f\u00f6reningslokalen p\u00e5 17- g\u00e5rden, l\u00f6rdagen den 16\/12 mellan 15.00 -17.00. Det bjuds p\u00e5 korv med br\u00f6d, gl\u00f6gg med tilltugg, kaffe och lussebullar samt godisp\u00e5sar till barnen. \u00a0Anm\u00e4l Er senast 9\/12 om ni kommer och om ni har n\u00e5gra allergier eller andra \u00f6nskem\u00e5l. Maila till &hellip; <\/p>\n<p><a class=\"more-link btn\" href=\"https:\/\/riddaren24.se\/?p=6622\">Forts\u00e4tt l\u00e4sa<\/a><\/p>\n","protected":false},"author":13,"featured_media":0,"comment_status":"closed","ping_status":"closed","sticky":false,"template":"","format":"standard","meta":{"footnotes":""},"categories":[1],"tags":[],"class_list":["post-6622","post","type-post","status-publish","format-standard","hentry","category-okategoriserade","item-wrap"],"_links":{"self":[{"href":"https:\/\/riddaren24.se\/index.php?rest_route=\/wp\/v2\/posts\/6622","targetHints":{"allow":["GET"]}}],"collection":[{"href":"https:\/\/riddaren24.se\/index.php?rest_route=\/wp\/v2\/posts"}],"about":[{"href":"https:\/\/riddaren24.se\/index.php?rest_route=\/wp\/v2\/types\/post"}],"author":[{"embeddable":true,"href":"https:\/\/riddaren24.se\/index.php?rest_route=\/wp\/v2\/users\/13"}],"replies":[{"embeddable":true,"href":"https:\/\/riddaren24.se\/index.php?rest_route=%2Fwp%2Fv2%2Fcomments&post=6622"}],"version-history":[{"count":2,"href":"https:\/\/riddaren24.se\/index.php?rest_route=\/wp\/v2\/posts\/6622\/revisions"}],"predecessor-version":[{"id":6624,"href":"https:\/\/riddaren24.se\/index.php?rest_route=\/wp\/v2\/posts\/6622\/revisions\/6624"}],"wp:attachment":[{"href":"https:\/\/riddaren24.se\/index.php?rest_route=%2Fwp%2Fv2%2Fmedia&parent=6622"}],"wp:term":[{"taxonomy":"category","embeddable":true,"href":"https:\/\/riddaren24.se\/index.php?rest_route=%2Fwp%2Fv2%2Fcategories&post=6622"},{"taxonomy":"post_tag","embeddable":true,"href":"https:\/\/riddaren24.se\/index.php?rest_route=%2Fwp%2Fv2%2Ftags&post=6622"}],"curies":[{"name":"wp","href":"https:\/\/api.w.org\/{rel}","templated":true}]}}