{"id":6571,"date":"2023-09-29T00:04:18","date_gmt":"2023-09-28T22:04:18","guid":{"rendered":"http:\/\/riddaren24.se\/?p=6571"},"modified":"2023-09-29T00:04:18","modified_gmt":"2023-09-28T22:04:18","slug":"prodoor-sakerhetsdorrar-pa-nasta-oppet-hus-2-oktober","status":"publish","type":"post","link":"https:\/\/riddaren24.se\/?p=6571","title":{"rendered":"Prodoor (s\u00e4kerhetsd\u00f6rrar) p\u00e5 n\u00e4sta \u00f6ppet hus, 2 oktober"},"content":{"rendered":"<p>Styrelsen har tagit beslutet att installera s\u00e4kerhetsd\u00f6rrar fr\u00e5n <strong><a href=\"https:\/\/www.prodoor.se\/\">Prodoor<\/a> <\/strong>till hyresr\u00e4tterna hos de hyresg\u00e4ster som godk\u00e4nner detta, fr\u00e4mst f\u00f6r att f\u00f6rb\u00e4ttra brandskyddet d\u00e5 de bland annat har b\u00e4ttre brandgast\u00e4thet \u00e4n vanliga ytterd\u00f6rrar.<\/p>\n<p>Styrelsen f\u00e5r regelbundet fr\u00e5gor kring s\u00e4kerhetsd\u00f6rrar och har bett Prodoor komma p\u00e5 n\u00e4sta \u00d6ppet Hus den 2 oktober. De finns p\u00e5 plats kl 18-19 i styrelselokalen och kan svara p\u00e5 fr\u00e5gor kring s\u00e4kerhetsd\u00f6rrar och installation av dem. De har ocks\u00e5 ett erbjudande till f\u00f6reningens medlemmar.<\/p>\n<p>(I och med k\u00f6p av s\u00e4kerhetsd\u00f6rr f\u00e5r vi ocks\u00e5 ofta fr\u00e5gan om det finns planer p\u00e5 att installera postboxar i trapphusen ist\u00e4llet f\u00f6r brevinkasten p\u00e5 d\u00f6rrarna. Det \u00e4r en ganska stor investering och just nu finns inga planer p\u00e5 det. Blir det tvingande best\u00e4mmelser som kr\u00e4ver att vi byter ut dagens l\u00f6sning kommer vi naturligtvis omv\u00e4rdera detta.)<\/p>\n<p>Som vanligt finns ocks\u00e5 styrelsemedlemmar tillg\u00e4ngliga under \u00d6ppet Hus och alla fr\u00e5gor \u00e4r v\u00e4lkomna!<\/p>\n","protected":false},"excerpt":{"rendered":"<p>Styrelsen har tagit beslutet att installera s\u00e4kerhetsd\u00f6rrar fr\u00e5n Prodoor till hyresr\u00e4tterna hos de hyresg\u00e4ster som godk\u00e4nner detta, fr\u00e4mst f\u00f6r att f\u00f6rb\u00e4ttra brandskyddet d\u00e5 de bland annat har b\u00e4ttre brandgast\u00e4thet \u00e4n vanliga ytterd\u00f6rrar. Styrelsen f\u00e5r regelbundet fr\u00e5gor kring s\u00e4kerhetsd\u00f6rrar och har bett Prodoor komma p\u00e5 n\u00e4sta \u00d6ppet Hus den 2 oktober. De finns p\u00e5 plats kl &hellip; <\/p>\n<p><a class=\"more-link btn\" href=\"https:\/\/riddaren24.se\/?p=6571\">Forts\u00e4tt l\u00e4sa<\/a><\/p>\n","protected":false},"author":13,"featured_media":0,"comment_status":"closed","ping_status":"closed","sticky":false,"template":"","format":"standard","meta":{"footnotes":""},"categories":[1],"tags":[],"class_list":["post-6571","post","type-post","status-publish","format-standard","hentry","category-okategoriserade","item-wrap"],"_links":{"self":[{"href":"https:\/\/riddaren24.se\/index.php?rest_route=\/wp\/v2\/posts\/6571","targetHints":{"allow":["GET"]}}],"collection":[{"href":"https:\/\/riddaren24.se\/index.php?rest_route=\/wp\/v2\/posts"}],"about":[{"href":"https:\/\/riddaren24.se\/index.php?rest_route=\/wp\/v2\/types\/post"}],"author":[{"embeddable":true,"href":"https:\/\/riddaren24.se\/index.php?rest_route=\/wp\/v2\/users\/13"}],"replies":[{"embeddable":true,"href":"https:\/\/riddaren24.se\/index.php?rest_route=%2Fwp%2Fv2%2Fcomments&post=6571"}],"version-history":[{"count":1,"href":"https:\/\/riddaren24.se\/index.php?rest_route=\/wp\/v2\/posts\/6571\/revisions"}],"predecessor-version":[{"id":6572,"href":"https:\/\/riddaren24.se\/index.php?rest_route=\/wp\/v2\/posts\/6571\/revisions\/6572"}],"wp:attachment":[{"href":"https:\/\/riddaren24.se\/index.php?rest_route=%2Fwp%2Fv2%2Fmedia&parent=6571"}],"wp:term":[{"taxonomy":"category","embeddable":true,"href":"https:\/\/riddaren24.se\/index.php?rest_route=%2Fwp%2Fv2%2Fcategories&post=6571"},{"taxonomy":"post_tag","embeddable":true,"href":"https:\/\/riddaren24.se\/index.php?rest_route=%2Fwp%2Fv2%2Ftags&post=6571"}],"curies":[{"name":"wp","href":"https:\/\/api.w.org\/{rel}","templated":true}]}}