{"id":6555,"date":"2023-08-30T00:51:16","date_gmt":"2023-08-29T22:51:16","guid":{"rendered":"http:\/\/riddaren24.se\/?p=6555"},"modified":"2023-08-30T00:52:14","modified_gmt":"2023-08-29T22:52:14","slug":"information-fran-styrelsemoten-23-08-22","status":"publish","type":"post","link":"https:\/\/riddaren24.se\/?p=6555","title":{"rendered":"Information fr\u00e5n styrelsem\u00f6tet 23-08-22"},"content":{"rendered":"<ul>\n<li>Genomg\u00e5ng av reskontra, h\u00e5ller s\u00e4rskild koll i och med bytet av ekonomisk f\u00f6rvaltare<\/li>\n<li>L\u00e4genhet i 17H (tidigare hyresr\u00e4tt, nu en trea) kommer strax ut till f\u00f6rs\u00e4ljning<\/li>\n<li>Elst\u00f6d s\u00f6ktes och erh\u00f6lls i somras, har kommit in p\u00e5 skattekontot<\/li>\n<li>Genomg\u00e5ng av rutiner som inte verkar ha l\u00e4mnats \u00f6ver ordentligt till Delagott<\/li>\n<li>Stambytet i 17 M \u00e4r f\u00e4rdigst\u00e4llt och besiktning \u00e4r gjord. Analys av arbetet kommer nu g\u00f6ras f\u00f6r att se vad som kan vara en bra v\u00e4g fram\u00e5t f\u00f6r ett framtida stambyte, projektet blev billigare \u00e4n budgeterat. Utv\u00e4rdering kommer ocks\u00e5 g\u00f6ras med de ber\u00f6rda.<\/li>\n<li>Stambytet i blindk\u00e4llaren \u00e4r snart klart f\u00f6r besiktning. Ocks\u00e5 detta projekt ser ut att bli billigare \u00e4n budgeterat.<\/li>\n<li>Tittar p\u00e5 energideklaration f\u00f6r fastigheten.<\/li>\n<li>Trapporna ner till Hagagatan beh\u00f6ver renoveras och offerter tas in.<\/li>\n<li>Enk\u00e4t har g\u00e5tt ut till medlemmarna i gymmet kring \u00f6nskem\u00e5l om utrustning.<\/li>\n<li>Problem med folk som matar f\u00e5glarna p\u00e5 torget, f\u00f6rvaltaren att ta kontakt med Micasa kring det.<\/li>\n<li>Tyv\u00e4rr reng\u00f6rs inte grillen som finns att l\u00e5na p\u00e5 17-g\u00e5rden ordentligt efter anv\u00e4ndning; p\u00e5minna medlemmarna om detta<\/li>\n<li>Vi h\u00e4lsar nya medlemmar v\u00e4lkomna i 17D och 17F!<\/li>\n<\/ul>\n","protected":false},"excerpt":{"rendered":"<p>Genomg\u00e5ng av reskontra, h\u00e5ller s\u00e4rskild koll i och med bytet av ekonomisk f\u00f6rvaltare L\u00e4genhet i 17H (tidigare hyresr\u00e4tt, nu en trea) kommer strax ut till f\u00f6rs\u00e4ljning Elst\u00f6d s\u00f6ktes och erh\u00f6lls i somras, har kommit in p\u00e5 skattekontot Genomg\u00e5ng av rutiner som inte verkar ha l\u00e4mnats \u00f6ver ordentligt till Delagott Stambytet i 17 M \u00e4r f\u00e4rdigst\u00e4llt &hellip; <\/p>\n<p><a class=\"more-link btn\" href=\"https:\/\/riddaren24.se\/?p=6555\">Forts\u00e4tt l\u00e4sa<\/a><\/p>\n","protected":false},"author":13,"featured_media":0,"comment_status":"closed","ping_status":"closed","sticky":false,"template":"","format":"standard","meta":{"footnotes":""},"categories":[1],"tags":[],"class_list":["post-6555","post","type-post","status-publish","format-standard","hentry","category-okategoriserade","item-wrap"],"_links":{"self":[{"href":"https:\/\/riddaren24.se\/index.php?rest_route=\/wp\/v2\/posts\/6555","targetHints":{"allow":["GET"]}}],"collection":[{"href":"https:\/\/riddaren24.se\/index.php?rest_route=\/wp\/v2\/posts"}],"about":[{"href":"https:\/\/riddaren24.se\/index.php?rest_route=\/wp\/v2\/types\/post"}],"author":[{"embeddable":true,"href":"https:\/\/riddaren24.se\/index.php?rest_route=\/wp\/v2\/users\/13"}],"replies":[{"embeddable":true,"href":"https:\/\/riddaren24.se\/index.php?rest_route=%2Fwp%2Fv2%2Fcomments&post=6555"}],"version-history":[{"count":2,"href":"https:\/\/riddaren24.se\/index.php?rest_route=\/wp\/v2\/posts\/6555\/revisions"}],"predecessor-version":[{"id":6557,"href":"https:\/\/riddaren24.se\/index.php?rest_route=\/wp\/v2\/posts\/6555\/revisions\/6557"}],"wp:attachment":[{"href":"https:\/\/riddaren24.se\/index.php?rest_route=%2Fwp%2Fv2%2Fmedia&parent=6555"}],"wp:term":[{"taxonomy":"category","embeddable":true,"href":"https:\/\/riddaren24.se\/index.php?rest_route=%2Fwp%2Fv2%2Fcategories&post=6555"},{"taxonomy":"post_tag","embeddable":true,"href":"https:\/\/riddaren24.se\/index.php?rest_route=%2Fwp%2Fv2%2Ftags&post=6555"}],"curies":[{"name":"wp","href":"https:\/\/api.w.org\/{rel}","templated":true}]}}