{"id":6525,"date":"2023-07-02T17:40:05","date_gmt":"2023-07-02T15:40:05","guid":{"rendered":"https:\/\/riddaren24.se\/?p=6525"},"modified":"2023-07-02T17:46:21","modified_gmt":"2023-07-02T15:46:21","slug":"information-fran-styrelsemoten-23-05-29-och-23-06-15","status":"publish","type":"post","link":"https:\/\/riddaren24.se\/?p=6525","title":{"rendered":"Information fr\u00e5n styrelsem\u00f6ten 23-05-29 och 23-06-15"},"content":{"rendered":"<ul>\n<li>Beslutas att under 3 m\u00e5nader l\u00e5sa en del av det kontanta kapitalet p\u00e5 konto med h\u00f6gre r\u00e4nta i v\u00e4ntan p\u00e5 beslut kring m\u00f6jlig amortering n\u00e4r l\u00e5n l\u00e4ggs om i h\u00f6st.<\/li>\n<li>Diskussion kring \u00e4kta\/o\u00e4kta f\u00f6rening, sist vi m\u00e4tte var 2021. Ekonomiutskottet tittar vidare p\u00e5 detta tillsammans med nya f\u00f6rvaltaren.<\/li>\n<li>Stambytet i blindk\u00e4llaren avl\u00f6per som planerat. Extra h\u00e5ltagning kommer kr\u00e4vas f\u00f6r att komma in i grunden l\u00e4ngs Frejgatan.<\/li>\n<li>Stambytet i 17M fortskrider enligt plan.<\/li>\n<li>Offerter tas in f\u00f6r utbyte av de aggregat som beh\u00f6vs bytas (garaget, tv\u00e4ttstugan 15C).<\/li>\n<li>Ytterligare ljudisolering beh\u00f6vs i ena lokalen p\u00e5 Hagagatan 21.<\/li>\n<li>L\u00e4genhet i 17H l\u00e4ggs ut till f\u00f6rs\u00e4ljning.<\/li>\n<li>Planering inf\u00f6r \u00f6verl\u00e4mningen till Delagott kring felanm\u00e4lan och f\u00f6rvaltning.<\/li>\n<li>Det verkar som att alla inte har \u00e5tkomst till att boka duschen i 15C som alla b\u00f6r ha, kommer \u00e5tg\u00e4rdas s\u00e5 att alla kan komma \u00e5t bokningen p\u00e5 samma s\u00e4tt som bokning av tv\u00e4ttstuga.<\/li>\n<li>Hj\u00e4rtstartaren har monterats vid tv\u00e4ttstugan 15C.<\/li>\n<li>Vissa kompletteringsk\u00f6p kommer ske till 15-g\u00e5rden (lampor, parasoll). Inv\u00e4ntar besked kring den avsk\u00e4rmning som inte blev klar mellan rabatten och sandl\u00e5dan. Fortsatta dialoger kring ny v\u00e4xtlighet som var planerad i \u00e5r.<\/li>\n<li>Nya hyrorna f\u00f6r hyresr\u00e4tterna har blivit klara och avtalet \u00e4r underskrivet.<\/li>\n<li>Hyresg\u00e4stf\u00f6reningen har godk\u00e4nt s\u00e4kerhetsd\u00f6rrar till hyresg\u00e4sterna, kommer bli till\u00e4gg p\u00e5 hyran.<\/li>\n<li>De nya gym-villkoren har haft effekt och det \u00e4r nu l\u00e5ngt f\u00e4rre outnyttjade pass.<\/li>\n<li>Beslut att g\u00f6ra gallup hos gym-medlemmarna om intresse finns f\u00f6r l\u00f6pband och situp-b\u00e4nk. Kommer inneb\u00e4ra h\u00f6gre leasingavgift f\u00f6r f\u00f6reningen.<\/li>\n<li>Diskussion kring om en enklare \u00f6vernattningsl\u00e4genhet kan vara bra vid framtida stambyte f\u00f6r f\u00f6reningen. Bygglovet f\u00f6r att ta upp en ny ytterd\u00f6rr vid det inre f\u00f6nstret i styrelserummet har g\u00e5tt ut men en enklare lokal med inre d\u00f6rr till styrelserummet skulle \u00e4nd\u00e5 kunna vara anv\u00e4ndbar under en period.<\/li>\n<li>Vi h\u00e4lsar nya medlemmar v\u00e4lkomna i 17F, 17J och 17D!<\/li>\n<\/ul>\n","protected":false},"excerpt":{"rendered":"<p>Beslutas att under 3 m\u00e5nader l\u00e5sa en del av det kontanta kapitalet p\u00e5 konto med h\u00f6gre r\u00e4nta i v\u00e4ntan p\u00e5 beslut kring m\u00f6jlig amortering n\u00e4r l\u00e5n l\u00e4ggs om i h\u00f6st. Diskussion kring \u00e4kta\/o\u00e4kta f\u00f6rening, sist vi m\u00e4tte var 2021. Ekonomiutskottet tittar vidare p\u00e5 detta tillsammans med nya f\u00f6rvaltaren. Stambytet i blindk\u00e4llaren avl\u00f6per som planerat. Extra &hellip; <\/p>\n<p><a class=\"more-link btn\" href=\"https:\/\/riddaren24.se\/?p=6525\">Forts\u00e4tt l\u00e4sa<\/a><\/p>\n","protected":false},"author":13,"featured_media":0,"comment_status":"closed","ping_status":"closed","sticky":false,"template":"","format":"standard","meta":{"footnotes":""},"categories":[1],"tags":[],"class_list":["post-6525","post","type-post","status-publish","format-standard","hentry","category-okategoriserade","item-wrap"],"_links":{"self":[{"href":"https:\/\/riddaren24.se\/index.php?rest_route=\/wp\/v2\/posts\/6525","targetHints":{"allow":["GET"]}}],"collection":[{"href":"https:\/\/riddaren24.se\/index.php?rest_route=\/wp\/v2\/posts"}],"about":[{"href":"https:\/\/riddaren24.se\/index.php?rest_route=\/wp\/v2\/types\/post"}],"author":[{"embeddable":true,"href":"https:\/\/riddaren24.se\/index.php?rest_route=\/wp\/v2\/users\/13"}],"replies":[{"embeddable":true,"href":"https:\/\/riddaren24.se\/index.php?rest_route=%2Fwp%2Fv2%2Fcomments&post=6525"}],"version-history":[{"count":3,"href":"https:\/\/riddaren24.se\/index.php?rest_route=\/wp\/v2\/posts\/6525\/revisions"}],"predecessor-version":[{"id":6528,"href":"https:\/\/riddaren24.se\/index.php?rest_route=\/wp\/v2\/posts\/6525\/revisions\/6528"}],"wp:attachment":[{"href":"https:\/\/riddaren24.se\/index.php?rest_route=%2Fwp%2Fv2%2Fmedia&parent=6525"}],"wp:term":[{"taxonomy":"category","embeddable":true,"href":"https:\/\/riddaren24.se\/index.php?rest_route=%2Fwp%2Fv2%2Fcategories&post=6525"},{"taxonomy":"post_tag","embeddable":true,"href":"https:\/\/riddaren24.se\/index.php?rest_route=%2Fwp%2Fv2%2Ftags&post=6525"}],"curies":[{"name":"wp","href":"https:\/\/api.w.org\/{rel}","templated":true}]}}