{"id":6349,"date":"2023-02-09T01:29:44","date_gmt":"2023-02-08T23:29:44","guid":{"rendered":"http:\/\/riddaren24.se\/?p=6349"},"modified":"2023-02-09T01:29:44","modified_gmt":"2023-02-08T23:29:44","slug":"information-fran-styrelsemotena-22-12-19-och-23-01-17","status":"publish","type":"post","link":"https:\/\/riddaren24.se\/?p=6349","title":{"rendered":"Information fr\u00e5n styrelsem\u00f6tena 22-12-19 och 23-01-17"},"content":{"rendered":"<h4>17 Januari<\/h4>\n<ul>\n<li>Datum f\u00f6r \u00e5rsst\u00e4mman beslutas till 15 maj.<\/li>\n<li>St\u00f6rningar fr\u00e5n boende, beslut kring hur vi hanterar detta vidare.<\/li>\n<li>Nya l\u00e4genheterna p\u00e5 15 A har haft visning (och \u00e4r nu s\u00e5lda).<\/li>\n<li>Planeras f\u00f6r \u00e5rsst\u00e4mma f\u00f6r samf\u00e4lligheten som ansvarar f\u00f6r sopsugen.<\/li>\n<li>Beslutas att bjuda in f\u00f6ljande leverant\u00f6rer till \u00d6ppet hus i februari: M\u00e4lar\u00f6 Fastighet (Bygg, renovering), Wiklunds M\u00e5leri (M\u00e5lning), Nilssons El &amp; Kylservice (El bl a), Prodoor (S\u00e4kerhetsd\u00f6rrar)<\/li>\n<li>Beslutas kontakta medlem i gymmet som gjort m\u00e5nga bokningar i gymmet men ej nyttjat dem.<\/li>\n<li>Det har varit m\u00f6te med n\u00e5gra av testanv\u00e4ndarna av BoAppa med blandad \u00e5terkoppling. Vi tittar vidare kring helhetsl\u00f6sning f\u00f6r informationssamordning och om BoAppa \u00e4r en del av det.<\/li>\n<li>Bastun kan \u00e5terigen bokas fr\u00e5n kl 10 p\u00e5 l\u00f6rdagarna.<\/li>\n<li>M\u00f6jligheten att l\u00e5na racket och pingisbollar i pingisrummet har nu tagits bort, vi hoppas det blir b\u00e4ttre ordning fram\u00f6ver d\u00e4r n\u00e5gra f\u00e5 inte f\u00f6rst\u00f6r f\u00f6r \u00f6vriga.<\/li>\n<li>Anslag ska s\u00e4ttas upp i gymmet om att man inte ska sl\u00e4ppa tunga vikter i golvet pga st\u00f6rningarna.<\/li>\n<li>Beslutas att s\u00e4tta upp tv\u00e4ttstugeregler och ocks\u00e5 se till att str\u00f6mmen inte bryts innan sista passet f\u00f6r dagen. Beslutas att beh\u00e5lla tv\u00e4ttiderna f\u00f6r s\u00f6ndagar och att inte f\u00f6rl\u00e4nga dem.<\/li>\n<\/ul>\n<p>&nbsp;<\/p>\n<h4>19 December<\/h4>\n<ul>\n<li>6 Mkr amorterades som beslutat. 5,5 Mkr \u00e5terst\u00e5r p\u00e5 det minsta l\u00e5net.<\/li>\n<li>Vad g\u00e4ller det planerade stambytet i 17E \u00e4r okul\u00e4r besiktning planerad till januari.<\/li>\n<li>Vi beh\u00f6ver anpassa stadgarna till vissa regler som tr\u00e4der i kraft under 2023.<\/li>\n<li>Beslutas att ta fram underlag f\u00f6r IMD (Individuell m\u00e4tning och debitering av el) f\u00f6r att kunna ta upp det under en st\u00e4mma. Kostar en del att inf\u00f6ra men m\u00f6jlighet att spara pengar f\u00f6r medlemmarna.<\/li>\n<li>Planeras f\u00f6r att g\u00f6ra rent golven i sopsugsrummen och lacka dem s\u00e5 att inte lukten f\u00e5r f\u00e4ste.<\/li>\n<li>Ej m\u00f6jligt att integrera Aptus med BoAppa, i s\u00e5 fall f\u00e5r man l\u00e4nka till websidan i appen.<\/li>\n<li>Tiderna f\u00f6r bastubokning har \u00e4ndrats som ett led i att spara in p\u00e5 elf\u00f6rbrukningen.<\/li>\n<li>Vi forts\u00e4tter att utreda st\u00f6rande ljud fr\u00e5n gymmet.<\/li>\n<li>Funderingar p\u00e5 en sommarfest p\u00e5 15-g\u00e5rden f\u00f6r hela f\u00f6reningen.<\/li>\n<li>Eventuell olovlig andrahandsuthyrning, unders\u00f6ks vidare.<\/li>\n<li>Planer f\u00f6r att l\u00e5ta n\u00e5gra av v\u00e5ra leverant\u00f6rer presentera sig p\u00e5 \u00f6ppet hus i februari n\u00e4sta \u00e5r.<\/li>\n<li>Beslutas k\u00f6pa in viss materiel f\u00f6r att smidigare kunna st\u00e4lla i ordning skyddsrum vid behov. Storholmen har tagit fram information och checklista baserat p\u00e5 den information som finns kring detta.<\/li>\n<li>Beslutas kontrollera att fl\u00e4ktarna p\u00e5 taken verkligen \u00e4r temperatur- och tryckstyrda s\u00e5 att vi inte f\u00f6rlorar energi i on\u00f6dan.<\/li>\n<li>Beslutas ge OK till gymmet i Hagagr\u00e4nd att s\u00e4tta upp en skylt p\u00e5 muren mot 15 G enligt instruktion.<\/li>\n<li>Vi v\u00e4lkomnar en ny medlem i 15 A!<\/li>\n<\/ul>\n","protected":false},"excerpt":{"rendered":"<p>17 Januari Datum f\u00f6r \u00e5rsst\u00e4mman beslutas till 15 maj. St\u00f6rningar fr\u00e5n boende, beslut kring hur vi hanterar detta vidare. Nya l\u00e4genheterna p\u00e5 15 A har haft visning (och \u00e4r nu s\u00e5lda). Planeras f\u00f6r \u00e5rsst\u00e4mma f\u00f6r samf\u00e4lligheten som ansvarar f\u00f6r sopsugen. Beslutas att bjuda in f\u00f6ljande leverant\u00f6rer till \u00d6ppet hus i februari: M\u00e4lar\u00f6 Fastighet (Bygg, renovering), &hellip; <\/p>\n<p><a class=\"more-link btn\" href=\"https:\/\/riddaren24.se\/?p=6349\">Forts\u00e4tt l\u00e4sa<\/a><\/p>\n","protected":false},"author":13,"featured_media":0,"comment_status":"closed","ping_status":"closed","sticky":false,"template":"","format":"standard","meta":{"footnotes":""},"categories":[1],"tags":[],"class_list":["post-6349","post","type-post","status-publish","format-standard","hentry","category-okategoriserade","item-wrap"],"_links":{"self":[{"href":"https:\/\/riddaren24.se\/index.php?rest_route=\/wp\/v2\/posts\/6349","targetHints":{"allow":["GET"]}}],"collection":[{"href":"https:\/\/riddaren24.se\/index.php?rest_route=\/wp\/v2\/posts"}],"about":[{"href":"https:\/\/riddaren24.se\/index.php?rest_route=\/wp\/v2\/types\/post"}],"author":[{"embeddable":true,"href":"https:\/\/riddaren24.se\/index.php?rest_route=\/wp\/v2\/users\/13"}],"replies":[{"embeddable":true,"href":"https:\/\/riddaren24.se\/index.php?rest_route=%2Fwp%2Fv2%2Fcomments&post=6349"}],"version-history":[{"count":1,"href":"https:\/\/riddaren24.se\/index.php?rest_route=\/wp\/v2\/posts\/6349\/revisions"}],"predecessor-version":[{"id":6350,"href":"https:\/\/riddaren24.se\/index.php?rest_route=\/wp\/v2\/posts\/6349\/revisions\/6350"}],"wp:attachment":[{"href":"https:\/\/riddaren24.se\/index.php?rest_route=%2Fwp%2Fv2%2Fmedia&parent=6349"}],"wp:term":[{"taxonomy":"category","embeddable":true,"href":"https:\/\/riddaren24.se\/index.php?rest_route=%2Fwp%2Fv2%2Fcategories&post=6349"},{"taxonomy":"post_tag","embeddable":true,"href":"https:\/\/riddaren24.se\/index.php?rest_route=%2Fwp%2Fv2%2Ftags&post=6349"}],"curies":[{"name":"wp","href":"https:\/\/api.w.org\/{rel}","templated":true}]}}