{"id":6203,"date":"2022-08-25T23:00:20","date_gmt":"2022-08-25T21:00:20","guid":{"rendered":"http:\/\/riddaren24.se\/?p=6203"},"modified":"2022-08-25T23:18:26","modified_gmt":"2022-08-25T21:18:26","slug":"lokalen-pa-hagagatan-frejgatan-nu-till-uthyrning","status":"publish","type":"post","link":"https:\/\/riddaren24.se\/?p=6203","title":{"rendered":"Lokalen p\u00e5 Hagagatan\/Frejgatan nu till uthyrning"},"content":{"rendered":"<div dir=\"ltr\">\n<p><span style=\"font-size: 16px;\"><a href=\"http:\/\/riddaren24.se\/wp-content\/uploads\/2022\/08\/12044239_14-328-16_photo_web.jpg\"><img loading=\"lazy\" decoding=\"async\" class=\"alignnone size-full wp-image-6213\" src=\"http:\/\/riddaren24.se\/wp-content\/uploads\/2022\/08\/12044239_14-328-16_photo_web.jpg\" alt=\"\" width=\"320\" height=\"214\" srcset=\"https:\/\/riddaren24.se\/wp-content\/uploads\/2022\/08\/12044239_14-328-16_photo_web.jpg 320w, https:\/\/riddaren24.se\/wp-content\/uploads\/2022\/08\/12044239_14-328-16_photo_web-300x201.jpg 300w\" sizes=\"auto, (max-width: 320px) 100vw, 320px\" \/> <\/a>\u00a0 \u00a0 \u00a0 \u00a0 \u00a0 \u00a0 \u00a0 \u00a0<a href=\"http:\/\/riddaren24.se\/wp-content\/uploads\/2022\/08\/12044239_5-328-16_photo_web.jpg\"><img loading=\"lazy\" decoding=\"async\" class=\"alignnone  wp-image-6209\" src=\"http:\/\/riddaren24.se\/wp-content\/uploads\/2022\/08\/12044239_5-328-16_photo_web.jpg\" alt=\"\" width=\"320\" height=\"214\" srcset=\"https:\/\/riddaren24.se\/wp-content\/uploads\/2022\/08\/12044239_5-328-16_photo_web.jpg 1920w, https:\/\/riddaren24.se\/wp-content\/uploads\/2022\/08\/12044239_5-328-16_photo_web-300x200.jpg 300w, https:\/\/riddaren24.se\/wp-content\/uploads\/2022\/08\/12044239_5-328-16_photo_web-1024x683.jpg 1024w, https:\/\/riddaren24.se\/wp-content\/uploads\/2022\/08\/12044239_5-328-16_photo_web-768x512.jpg 768w, https:\/\/riddaren24.se\/wp-content\/uploads\/2022\/08\/12044239_5-328-16_photo_web-1536x1024.jpg 1536w, https:\/\/riddaren24.se\/wp-content\/uploads\/2022\/08\/12044239_5-328-16_photo_web-750x500.jpg 750w\" sizes=\"auto, (max-width: 320px) 100vw, 320px\" \/><\/a><\/span><\/p>\n<p><span style=\"font-size: 16px;\">Renoveringen av lokalen p\u00e5 Hagagatan\/Frejgatan har nu kommit i m\u00e5l och uthyrningen p\u00e5g\u00e5r. K\u00e4nner du n\u00e5gon som \u00e4r p\u00e5 jakt efter en st\u00f6rre lokal eller \u00e4r intresserad av att flytta p\u00e5 sig fr\u00e5n den befintliga f\u00e5r du g\u00e4rna tipsa om uthyrningen vi jobbar med. Arbetet har sen starten i februari omfattat arbete fr\u00e5n rivning av befintliga v\u00e4ggar, belysning, takarmaturer, k\u00f6k och annan fast inredning. Efter den f\u00e4rdigst\u00e4llda rivningen har hela lokalen blivit spacklad och m\u00e5lad i sin helhet med nya lister, nym\u00e5lat undertak samt nya takplattor. Hela belysningen \u00e4r utbytt till modern LED i taket. Hela elanl\u00e4ggningen \u00e4r utbytt med modern elcentral och all kanalisation, tr\u00e5dning, brytare och eluttag \u00e4r uppgraderade till dagens standard. Ventilationen \u00e4r uppgraderad och nya moderna aggregat med inbyggd kyla \u00e4r installerade.<\/span><\/p>\n<p>Den befintliga mattan som fanns i lokalen har bytts ut mot ett h\u00e4rligt och fr\u00e4sch ekgolv fr\u00e5n Bjelin som g\u00f6r att lokalen f\u00e5r en riktigt fin touch. Alla v\u00e4ggar \u00e4r nu vitm\u00e5lade och samtliga lister, socklar, d\u00f6rrfoder har blivit m\u00e5lade. Arbetet med lokalen har hela tiden haft m\u00e5ls\u00e4ttningen att genom varsam rivning och planering kunna \u00e5teranv\u00e4nda s\u00e5 mycket som m\u00f6jligt.<\/p>\n<p>Ni hittar l\u00e4nken till lokalen nedan p\u00e5 Objektvision d\u00e4r ni ocks\u00e5 kan se nytagna bilder:<\/p>\n<p><a href=\"https:\/\/objektvision.se\/Beskriv\/228024654\" data-saferedirecturl=\"https:\/\/www.google.com\/url?q=https:\/\/objektvision.se\/Beskriv\/228024654&amp;source=gmail&amp;ust=1661545437579000&amp;usg=AOvVaw17J08e5nFACIAvbt6pIgvy\">Frejgatan 59, Vasastan Stockholm. Ledig lokal &#8211; objektvision.se<\/a><\/p>\n<\/div>\n","protected":false},"excerpt":{"rendered":"<p>\u00a0 \u00a0 \u00a0 \u00a0 \u00a0 \u00a0 \u00a0 \u00a0 Renoveringen av lokalen p\u00e5 Hagagatan\/Frejgatan har nu kommit i m\u00e5l och uthyrningen p\u00e5g\u00e5r. K\u00e4nner du n\u00e5gon som \u00e4r p\u00e5 jakt efter en st\u00f6rre lokal eller \u00e4r intresserad av att flytta p\u00e5 sig fr\u00e5n den befintliga f\u00e5r du g\u00e4rna tipsa om uthyrningen vi jobbar med. Arbetet har sen &hellip; <\/p>\n<p><a class=\"more-link btn\" href=\"https:\/\/riddaren24.se\/?p=6203\">Forts\u00e4tt l\u00e4sa<\/a><\/p>\n","protected":false},"author":13,"featured_media":0,"comment_status":"closed","ping_status":"closed","sticky":false,"template":"","format":"standard","meta":{"footnotes":""},"categories":[1],"tags":[],"class_list":["post-6203","post","type-post","status-publish","format-standard","hentry","category-okategoriserade","item-wrap"],"_links":{"self":[{"href":"https:\/\/riddaren24.se\/index.php?rest_route=\/wp\/v2\/posts\/6203","targetHints":{"allow":["GET"]}}],"collection":[{"href":"https:\/\/riddaren24.se\/index.php?rest_route=\/wp\/v2\/posts"}],"about":[{"href":"https:\/\/riddaren24.se\/index.php?rest_route=\/wp\/v2\/types\/post"}],"author":[{"embeddable":true,"href":"https:\/\/riddaren24.se\/index.php?rest_route=\/wp\/v2\/users\/13"}],"replies":[{"embeddable":true,"href":"https:\/\/riddaren24.se\/index.php?rest_route=%2Fwp%2Fv2%2Fcomments&post=6203"}],"version-history":[{"count":6,"href":"https:\/\/riddaren24.se\/index.php?rest_route=\/wp\/v2\/posts\/6203\/revisions"}],"predecessor-version":[{"id":6214,"href":"https:\/\/riddaren24.se\/index.php?rest_route=\/wp\/v2\/posts\/6203\/revisions\/6214"}],"wp:attachment":[{"href":"https:\/\/riddaren24.se\/index.php?rest_route=%2Fwp%2Fv2%2Fmedia&parent=6203"}],"wp:term":[{"taxonomy":"category","embeddable":true,"href":"https:\/\/riddaren24.se\/index.php?rest_route=%2Fwp%2Fv2%2Fcategories&post=6203"},{"taxonomy":"post_tag","embeddable":true,"href":"https:\/\/riddaren24.se\/index.php?rest_route=%2Fwp%2Fv2%2Ftags&post=6203"}],"curies":[{"name":"wp","href":"https:\/\/api.w.org\/{rel}","templated":true}]}}