{"id":5929,"date":"2021-12-03T02:05:34","date_gmt":"2021-12-03T00:05:34","guid":{"rendered":"http:\/\/riddaren24.se\/?p=5929"},"modified":"2021-12-03T02:05:34","modified_gmt":"2021-12-03T00:05:34","slug":"julmingel-pa-17-garden-lordagen-den-11-12-kl-15-00","status":"publish","type":"post","link":"https:\/\/riddaren24.se\/?p=5929","title":{"rendered":"Julmingel p\u00e5 17-g\u00e5rden l\u00f6rdagen den 11\/12 kl. 15.00"},"content":{"rendered":"<p>Vi hoppas att vi kan \u00e5teruppta traditionen med julmingel i \u00e5r!<\/p>\n<p>Varmt v\u00e4lkomna att mingla med nya och gamla grannar p\u00e5 17-g\u00e5rden l\u00f6rdagen den 11 december kl 15.<\/p>\n<p>Det kommer serveras kaffe, korv, bullar och gl\u00f6gg med tilltugg . Det kommer ocks\u00e5 arrangeras lekar f\u00f6r barnen med m\u00f6jlighet till godisp\u00e5se!<\/p>\n<p>Anm\u00e4l senast m\u00e5ndag 6 december hur m\u00e5nga ni blir som kommer och hur m\u00e5nga som \u00e4r barn, s\u00e5 vi kan planera (och inget barn blir utan den d\u00e4r godisp\u00e5sen)!<\/p>\n<p>Anm\u00e4lan kan ni skicka till <a class=\"rABsFf RffVmb AL18ce\" href=\"mailto:jasmin.ericsson@riddarsporren24.se\" target=\"_blank\" rel=\"noopener\" data-tooltip-position=\"top\" data-tooltip=\"Fr\u00e5n dina kontakter i Google\"><strong>jasmin.ericsson@riddarsporren24.se<\/strong><\/a>, alternativt g\u00e5r det bra att l\u00e4mna anm\u00e4lan i f\u00f6reningslokalens brevinkast vid 17 D.<\/p>\n<p><em>V\u00e4lkomna!<\/em><\/p>\n<p><img loading=\"lazy\" decoding=\"async\" class=\" wp-image-5930 aligncenter\" src=\"http:\/\/riddaren24.se\/wp-content\/uploads\/2021\/12\/Bild-t-julmingel.jpg\" alt=\"\" width=\"148\" height=\"202\" srcset=\"https:\/\/riddaren24.se\/wp-content\/uploads\/2021\/12\/Bild-t-julmingel.jpg 252w, https:\/\/riddaren24.se\/wp-content\/uploads\/2021\/12\/Bild-t-julmingel-219x300.jpg 219w\" sizes=\"auto, (max-width: 148px) 100vw, 148px\" \/><\/p>\n","protected":false},"excerpt":{"rendered":"<p>Vi hoppas att vi kan \u00e5teruppta traditionen med julmingel i \u00e5r! Varmt v\u00e4lkomna att mingla med nya och gamla grannar p\u00e5 17-g\u00e5rden l\u00f6rdagen den 11 december kl 15. Det kommer serveras kaffe, korv, bullar och gl\u00f6gg med tilltugg . Det kommer ocks\u00e5 arrangeras lekar f\u00f6r barnen med m\u00f6jlighet till godisp\u00e5se! Anm\u00e4l senast m\u00e5ndag 6 december &hellip; <\/p>\n<p><a class=\"more-link btn\" href=\"https:\/\/riddaren24.se\/?p=5929\">Forts\u00e4tt l\u00e4sa<\/a><\/p>\n","protected":false},"author":13,"featured_media":0,"comment_status":"closed","ping_status":"closed","sticky":false,"template":"","format":"standard","meta":{"footnotes":""},"categories":[1],"tags":[],"class_list":["post-5929","post","type-post","status-publish","format-standard","hentry","category-okategoriserade","item-wrap"],"_links":{"self":[{"href":"https:\/\/riddaren24.se\/index.php?rest_route=\/wp\/v2\/posts\/5929","targetHints":{"allow":["GET"]}}],"collection":[{"href":"https:\/\/riddaren24.se\/index.php?rest_route=\/wp\/v2\/posts"}],"about":[{"href":"https:\/\/riddaren24.se\/index.php?rest_route=\/wp\/v2\/types\/post"}],"author":[{"embeddable":true,"href":"https:\/\/riddaren24.se\/index.php?rest_route=\/wp\/v2\/users\/13"}],"replies":[{"embeddable":true,"href":"https:\/\/riddaren24.se\/index.php?rest_route=%2Fwp%2Fv2%2Fcomments&post=5929"}],"version-history":[{"count":3,"href":"https:\/\/riddaren24.se\/index.php?rest_route=\/wp\/v2\/posts\/5929\/revisions"}],"predecessor-version":[{"id":5933,"href":"https:\/\/riddaren24.se\/index.php?rest_route=\/wp\/v2\/posts\/5929\/revisions\/5933"}],"wp:attachment":[{"href":"https:\/\/riddaren24.se\/index.php?rest_route=%2Fwp%2Fv2%2Fmedia&parent=5929"}],"wp:term":[{"taxonomy":"category","embeddable":true,"href":"https:\/\/riddaren24.se\/index.php?rest_route=%2Fwp%2Fv2%2Fcategories&post=5929"},{"taxonomy":"post_tag","embeddable":true,"href":"https:\/\/riddaren24.se\/index.php?rest_route=%2Fwp%2Fv2%2Ftags&post=5929"}],"curies":[{"name":"wp","href":"https:\/\/api.w.org\/{rel}","templated":true}]}}