{"id":5883,"date":"2021-10-17T22:49:33","date_gmt":"2021-10-17T20:49:33","guid":{"rendered":"http:\/\/riddaren24.se\/?p=5883"},"modified":"2021-10-17T22:49:33","modified_gmt":"2021-10-17T20:49:33","slug":"bilning-15-huset-ma-18-okt-cykelrensning","status":"publish","type":"post","link":"https:\/\/riddaren24.se\/?p=5883","title":{"rendered":"Bilning 15-huset m\u00e5 18 okt + Cykelrensning"},"content":{"rendered":"<ul>\n<li><em>Bilning i k\u00e4llaren p\u00e5 Hagagatan 15 kommer forts\u00e4tta p\u00e5 m\u00e5ndag 18 oktober.<\/em> Detta \u00e4r f\u00f6r att vi ska \u00e5tg\u00e4rda de problem vi hade med \u00f6versv\u00e4mning i k\u00e4llaren vid skyfallet f\u00f6r n\u00e5gon m\u00e5nad sedan. Arbetet ber\u00e4knas p\u00e5g\u00e5 mellan kl 9 &#8211; 15.<\/li>\n<\/ul>\n<p>&nbsp;<\/p>\n<ul>\n<li><em>Vi vill ocks\u00e5 p\u00e5minna om utrensning av cyklar och andra f\u00f6rem\u00e5l i cykelrummen;<\/em> Fixit har m\u00e4rkt upp alla cyklar och andra f\u00f6rem\u00e5l i cykelrummen, ta bort etiketten senast 24 oktober om ni vill ha den kvar.\n<ul>\n<li>Den 25 oktober fr\u00e5n kl 7 tar Fixit bort de f\u00f6rem\u00e5l som fortfarande \u00e4r m\u00e4rkta och kommer f\u00f6rvara dem under 3 m\u00e5nader.<\/li>\n<li>Om man missat att ta bort sin m\u00e4rkning kan man \u00e5terkoppla via mail till Fixit <a href=\"fixit@dwoqdirect.se\">(fixit@dwoqdirect.se)<\/a> med en beskrivning av f\u00f6rem\u00e5let. De kommer sedan vid givna tider l\u00e5ta boende som \u00e5terkopplat f\u00e5 m\u00f6jligheten att f\u00e5 tillbaka sina f\u00f6rem\u00e5l de n\u00e4rmsta tre m\u00e5naderna.<\/li>\n<li>Har ingen h\u00f6rt av sig p\u00e5 tre m\u00e5nader kommer f\u00f6rem\u00e5let i fr\u00e5ga kasseras.<\/li>\n<\/ul>\n<\/li>\n<\/ul>\n<p>&nbsp;<\/p>\n","protected":false},"excerpt":{"rendered":"<p>Bilning i k\u00e4llaren p\u00e5 Hagagatan 15 kommer forts\u00e4tta p\u00e5 m\u00e5ndag 18 oktober. Detta \u00e4r f\u00f6r att vi ska \u00e5tg\u00e4rda de problem vi hade med \u00f6versv\u00e4mning i k\u00e4llaren vid skyfallet f\u00f6r n\u00e5gon m\u00e5nad sedan. Arbetet ber\u00e4knas p\u00e5g\u00e5 mellan kl 9 &#8211; 15. &nbsp; Vi vill ocks\u00e5 p\u00e5minna om utrensning av cyklar och andra f\u00f6rem\u00e5l i cykelrummen; &hellip; <\/p>\n<p><a class=\"more-link btn\" href=\"https:\/\/riddaren24.se\/?p=5883\">Forts\u00e4tt l\u00e4sa<\/a><\/p>\n","protected":false},"author":13,"featured_media":0,"comment_status":"closed","ping_status":"closed","sticky":false,"template":"","format":"standard","meta":{"footnotes":""},"categories":[1],"tags":[],"class_list":["post-5883","post","type-post","status-publish","format-standard","hentry","category-okategoriserade","item-wrap"],"_links":{"self":[{"href":"https:\/\/riddaren24.se\/index.php?rest_route=\/wp\/v2\/posts\/5883","targetHints":{"allow":["GET"]}}],"collection":[{"href":"https:\/\/riddaren24.se\/index.php?rest_route=\/wp\/v2\/posts"}],"about":[{"href":"https:\/\/riddaren24.se\/index.php?rest_route=\/wp\/v2\/types\/post"}],"author":[{"embeddable":true,"href":"https:\/\/riddaren24.se\/index.php?rest_route=\/wp\/v2\/users\/13"}],"replies":[{"embeddable":true,"href":"https:\/\/riddaren24.se\/index.php?rest_route=%2Fwp%2Fv2%2Fcomments&post=5883"}],"version-history":[{"count":1,"href":"https:\/\/riddaren24.se\/index.php?rest_route=\/wp\/v2\/posts\/5883\/revisions"}],"predecessor-version":[{"id":5884,"href":"https:\/\/riddaren24.se\/index.php?rest_route=\/wp\/v2\/posts\/5883\/revisions\/5884"}],"wp:attachment":[{"href":"https:\/\/riddaren24.se\/index.php?rest_route=%2Fwp%2Fv2%2Fmedia&parent=5883"}],"wp:term":[{"taxonomy":"category","embeddable":true,"href":"https:\/\/riddaren24.se\/index.php?rest_route=%2Fwp%2Fv2%2Fcategories&post=5883"},{"taxonomy":"post_tag","embeddable":true,"href":"https:\/\/riddaren24.se\/index.php?rest_route=%2Fwp%2Fv2%2Ftags&post=5883"}],"curies":[{"name":"wp","href":"https:\/\/api.w.org\/{rel}","templated":true}]}}