{"id":5826,"date":"2021-09-21T00:26:20","date_gmt":"2021-09-20T22:26:20","guid":{"rendered":"http:\/\/riddaren24.se\/?p=5826"},"modified":"2021-09-21T00:26:20","modified_gmt":"2021-09-20T22:26:20","slug":"information-fran-styrelsemotet-21-09-15","status":"publish","type":"post","link":"https:\/\/riddaren24.se\/?p=5826","title":{"rendered":"Information fr\u00e5n styrelsem\u00f6tet 21-09-15"},"content":{"rendered":"<p>&nbsp;<\/p>\n<ul>\n<li>Vaksamhet p\u00e5 utgifter; vi beh\u00f6ver r\u00e4kna med att vi inte kommer ha int\u00e4kt fr\u00e5n lokalen p\u00e5 Hagagatan 21 under n\u00e5gra m\u00e5nader d\u00e5 den beh\u00f6ver fixas i ordning (och att fixa till den kommer ocks\u00e5 kosta). Fortsatta visningar av lokalen inplanerade och projekt att rusta upp lokalen startas.<\/li>\n<li>L\u00e5net p\u00e5 29 Mkr som g\u00e5r ut i september binds p\u00e5 5 \u00e5r, fortsatt SEB<\/li>\n<li>Planerar inf\u00f6r n\u00e4sta steg i avtalet med Storholmen och b\u00f6rjar planera f\u00f6r att den ekonomiska f\u00f6rvaltningen ocks\u00e5 g\u00e5r \u00f6ver dit fr\u00e5n \u00e5rsskiftet. Uppstartsm\u00f6te med Storholmen planerat till 16 september f\u00f6r att planera \u00f6verg\u00e5ngen, information till medlemmar etc.<\/li>\n<li>Fysiska \u00f6ppet hus 6 september hade god uppslutning vid containern, inne i styrelserummet och utanf\u00f6r styrelserummet. Digitala \u00f6ppet hus hade endast en bes\u00f6kare.\n<ul>\n<li>N\u00e4sta \u00f6ppet hus 4 oktober i och utanf\u00f6r styrelselokalen.<\/li>\n<li>Vi planerar f\u00f6r Digitalt \u00f6ppet hus mer s\u00e4llan och d\u00e5 med ett tema. Datum TBD.<\/li>\n<\/ul>\n<\/li>\n<li>Ombyggnaden lokaler 15 A till l\u00e4genheter:\n<ul>\n<li>Ljudm\u00e4tning \u00e4gde rum 13 september<\/li>\n<li>Det som planeras i \u00e5r \u00e4r flytt av r\u00f6r och troligtvis sopsug. Vi har f\u00e5tt godk\u00e4nnande av samf\u00e4lligheten att flytta sopsugen\/sopnedkastet och grannf\u00f6reningen som anv\u00e4nder sopnedkastet har inget emot flytt av det.<\/li>\n<\/ul>\n<\/li>\n<li>Hemsidan uppdaterad med information kring Aptus-appen.<\/li>\n<li>F\u00f6reningen har inf\u00f6rskaffat en programmeringsenhet f\u00f6r iLoq fr\u00e5n Certego och kan nu hantera eventuella nya cylindrar och tillh\u00f6rande nycklar.<\/li>\n<li>Gymmet \u00e4r v\u00e4lbes\u00f6kt men tyv\u00e4rr ofta d\u00e5ligt undanplockat, tydligare st\u00e4dinstruktioner ska upp.<\/li>\n<li>Planeras f\u00f6r invigning av musikrummet 2 oktober! Information kring avgift, anm\u00e4lan etc upp p\u00e5 tavlorna innan dess. Planeras b\u00e5de f\u00f6r tider man kan boka och tider som \u00e4r \u00f6ppna f\u00f6r alla.<\/li>\n<li>Planeras f\u00f6r att uppdatera texten p\u00e5 v\u00e4lkomstbrevet f\u00f6r nya medlemmar.<\/li>\n<li>Viss diskussion om vi ska installera krokar i hissarna och k\u00f6pa in filtar att l\u00e5na som kan h\u00e4ngas upp vid flytt f\u00f6r att skydda hissen. Installerades inte fr\u00e5n b\u00f6rjan d\u00e5 rekommendationen var att inte g\u00f6ra det (f\u00f6r filtarna har en tendens att f\u00f6rsvinna), men vi har sett att hissarna ibland far illa om de inte skyddas av de som flyttar in eller ut<\/li>\n<li>Ett f\u00e5gelskydd installerat p\u00e5 prov p\u00e5 en av takfl\u00e4ktarna, avvaktar vidare installationer f\u00f6r att se om reng\u00f6ringen inom det nya serviceavtalet g\u00f6r ytterligare skydd \u00f6verfl\u00f6diga. Utv\u00e4rderar \u00f6ver tid, ocks\u00e5 en fr\u00e5ga om kostnad.<\/li>\n<li>Kontroll av ventilationen i garaget; tilluftsaggregat inga problem att hitta och funkade utm\u00e4rkt, fr\u00e5nluftsaggregaten konstaterades efter idogt letande finnas i Micasas k\u00e4llare. Vidare arbete kring servitut.<\/li>\n<li>Det \u00e4r klarlagt att den d\u00f6da almen i Hagagr\u00e4nd st\u00e5r p\u00e5 mark som vi ansvarar f\u00f6r. Beslutas att ta ner den s\u00e5 snabbt som m\u00f6jligt.<\/li>\n<li>Beslut att byta ut akustiksensorerna i 15-husets trapphus till r\u00f6relsesensorer nu n\u00e4r LED-belysning \u00e4r installerad och testerna har visat sig funka bra. LED-belysning i 17-huset blir en fr\u00e5ga f\u00f6r n\u00e4sta \u00e5rs budget d\u00e5 det l\u00f6nar sig men det tar ett antal \u00e5r att r\u00e4kna hem investeringen. Att det \u00e4r b\u00e4ttre milj\u00f6m\u00e4ssigt v\u00e4ger ocks\u00e5 in.<\/li>\n<li>F\u00f6rvaltningsutskottet kommer ha 4 m\u00f6ten\/\u00e5r med Storholmens f\u00f6rvaltare.<\/li>\n<li>\u00d6versv\u00e4mningarna i 15 G och 15D vid senaste st\u00f6rtregnet:\n<ul>\n<li>Beslutas att installera en backventil i golvbrunn vid 15 G d\u00e4r vattnet kom upp f\u00f6r att hindra vattnet att komma upp i k\u00e4llaren. Stockholm Vatten har varit p\u00e5 bes\u00f6k och konstaterat att vi har en f\u00f6rh\u00f6jd k\u00e4nslighet fr\u00e5n tv\u00e5 samverkande system; v\u00e5rt eget och det som g\u00e5r ner l\u00e4ngs Surbrunnsgatan. Vid kraftigt regn blir det mycket vatten som kommer fr\u00e5n Odenplan och Norrtullsgatan som fyller r\u00f6ret som g\u00e5r ner l\u00e4ngs Surbrunnsgatan. Vi ligger mitt i backen och n\u00e4r r\u00f6ret fylls pga. att det inte hinner sv\u00e4lja l\u00e4ngre ner trycks vattnet in i v\u00e5rt stick och upp i golvbrunn och rensningsbrunn med \u00f6versv\u00e4mning i k\u00e4llaren som f\u00f6ljd.<\/li>\n<li>Vid 15 D ans\u00e5gs det inte vara en bra id\u00e9 att s\u00e4tta dit ett st\u00f6rre r\u00f6r, att skicka ner l\u00f6ven i avloppet t\u00e4pper bara till l\u00e4ngre ner i systemet och skapar \u00e4nd\u00e5 problem,<\/li>\n<\/ul>\n<\/li>\n<li>Diskussion kring hur styrelsemedlemmarna st\u00e4ller sig till eventuellt omval. Valberedningen har p\u00e5b\u00f6rjat sitt arbete.<\/li>\n<li>Vi h\u00e4lsar nya medlemmar v\u00e4lkomna i 15C, 17H och 15B!<\/li>\n<\/ul>\n","protected":false},"excerpt":{"rendered":"<p>&nbsp; Vaksamhet p\u00e5 utgifter; vi beh\u00f6ver r\u00e4kna med att vi inte kommer ha int\u00e4kt fr\u00e5n lokalen p\u00e5 Hagagatan 21 under n\u00e5gra m\u00e5nader d\u00e5 den beh\u00f6ver fixas i ordning (och att fixa till den kommer ocks\u00e5 kosta). Fortsatta visningar av lokalen inplanerade och projekt att rusta upp lokalen startas. L\u00e5net p\u00e5 29 Mkr som g\u00e5r ut &hellip; <\/p>\n<p><a class=\"more-link btn\" href=\"https:\/\/riddaren24.se\/?p=5826\">Forts\u00e4tt l\u00e4sa<\/a><\/p>\n","protected":false},"author":13,"featured_media":0,"comment_status":"closed","ping_status":"closed","sticky":false,"template":"","format":"standard","meta":{"footnotes":""},"categories":[1],"tags":[],"class_list":["post-5826","post","type-post","status-publish","format-standard","hentry","category-okategoriserade","item-wrap"],"_links":{"self":[{"href":"https:\/\/riddaren24.se\/index.php?rest_route=\/wp\/v2\/posts\/5826","targetHints":{"allow":["GET"]}}],"collection":[{"href":"https:\/\/riddaren24.se\/index.php?rest_route=\/wp\/v2\/posts"}],"about":[{"href":"https:\/\/riddaren24.se\/index.php?rest_route=\/wp\/v2\/types\/post"}],"author":[{"embeddable":true,"href":"https:\/\/riddaren24.se\/index.php?rest_route=\/wp\/v2\/users\/13"}],"replies":[{"embeddable":true,"href":"https:\/\/riddaren24.se\/index.php?rest_route=%2Fwp%2Fv2%2Fcomments&post=5826"}],"version-history":[{"count":1,"href":"https:\/\/riddaren24.se\/index.php?rest_route=\/wp\/v2\/posts\/5826\/revisions"}],"predecessor-version":[{"id":5827,"href":"https:\/\/riddaren24.se\/index.php?rest_route=\/wp\/v2\/posts\/5826\/revisions\/5827"}],"wp:attachment":[{"href":"https:\/\/riddaren24.se\/index.php?rest_route=%2Fwp%2Fv2%2Fmedia&parent=5826"}],"wp:term":[{"taxonomy":"category","embeddable":true,"href":"https:\/\/riddaren24.se\/index.php?rest_route=%2Fwp%2Fv2%2Fcategories&post=5826"},{"taxonomy":"post_tag","embeddable":true,"href":"https:\/\/riddaren24.se\/index.php?rest_route=%2Fwp%2Fv2%2Ftags&post=5826"}],"curies":[{"name":"wp","href":"https:\/\/api.w.org\/{rel}","templated":true}]}}