{"id":5797,"date":"2021-08-26T00:57:57","date_gmt":"2021-08-25T22:57:57","guid":{"rendered":"http:\/\/riddaren24.se\/?p=5797"},"modified":"2021-08-26T00:57:57","modified_gmt":"2021-08-25T22:57:57","slug":"information-fran-styrelsemoten-21-08-17-och-21-08-18","status":"publish","type":"post","link":"https:\/\/riddaren24.se\/?p=5797","title":{"rendered":"Information fr\u00e5n styrelsem\u00f6ten 21-08-17 och 21-08-18"},"content":{"rendered":"<p>&nbsp;<\/p>\n<ul>\n<li>Planering inf\u00f6r och resultatet av extrast\u00e4mman f\u00f6r att kunna omvandla lokalerna i 15 A till l\u00e4genheter.<\/li>\n<li>Uppf\u00f6ljning av motionerna fr\u00e5n ordinarie st\u00e4mman:\n<ul>\n<li>Starta grupp under h\u00f6sten som tittar p\u00e5 processen f\u00f6r hur vi driver projekt<\/li>\n<li>Arbetet med att titta p\u00e5 hur vi kan anv\u00e4nda enk\u00e4ter \u00e4r ig\u00e5ng, en utmaning n\u00e4r m\u00e5nga \u00e4r digitala och helst skulle g\u00f6ra dem digitalt, medan andra varken har dator eller smartphone. Har man f\u00f6rslag f\u00e5r man g\u00e4rna h\u00f6ra av sig till styrelsen!<\/li>\n<li>Just nu finns inga lokaler l\u00e4mpliga f\u00f6r Arbetsplatser eller ytterligare ett gym, vilande s\u00e5 l\u00e4nge.<\/li>\n<\/ul>\n<\/li>\n<li>Nytt swish-konto f\u00f6r musikrummet har satts upp, f\u00f6rhoppningsvis kan musikrummet \u00f6ppna under h\u00f6sten.<\/li>\n<li>Unders\u00f6kning av telefonabonnemangen till v\u00e5ra porttelefoner visar att det \u00e4r billigast att beh\u00e5lla den l\u00f6sning som finns idag.<\/li>\n<li>Vi g\u00e5r ut med m\u00f6jligheten att anv\u00e4nda Aptus-appen till att \u00f6ppna d\u00f6rrar och boka tv\u00e4ttstuga och lokaler (kom upp i helgen, l\u00e4nk till inl\u00e4gget <a href=\"http:\/\/riddaren24.se\/?p=5764\"><strong>h\u00e4r<\/strong><\/a>)<\/li>\n<li>F\u00f6ljer upp processen kring brickor, namn p\u00e5 d\u00f6rr och i trapphus etc.<\/li>\n<li>Takfl\u00e4ktarna \u00e4r nu rensade och alla snurrar fint. Serviceavtal ska skrivas s\u00e5 de underh\u00e5lls kontinuerligt.<\/li>\n<li>\u00d6verl\u00e5telse av l\u00e4genhet i 17 B, medlemmar i f\u00f6reningen flyttar dit fr\u00e5n 15 C.<\/li>\n<li>Rapportering fr\u00e5n f\u00f6rhandlingar i hyresn\u00e4mnden ang hyresg\u00e4st, besked v\u00e4ntas sista augusti.<\/li>\n<li>Visningar har skett av lokalen p\u00e5 Hagagatan 21 under sommaren, ej \u00e4nnu klart med ny hyresg\u00e4st.<\/li>\n<li>Gymet \u00e4r v\u00e4lanv\u00e4nt!\n<ul>\n<li>Mattan\/golvet har sl\u00e4ppt och beh\u00f6ver \u00e5tg\u00e4rdas.<\/li>\n<li>Det \u00e4r v\u00e4ldigt varmt i lokalen, \u00e4ven n\u00e4r man s\u00e4tter p\u00e5 den ut\u00f6kade ventilationen. Fl\u00e4ktar kan hj\u00e4lpa och f\u00f6rsta \u00e5tg\u00e4rden blir att se om det \u00e4r m\u00f6jligt att placera ut ett par.<\/li>\n<\/ul>\n<\/li>\n<li>Trots (n\u00e4stan) bastuv\u00e4der ute under sommaren har bastu\/relaxen bokats flitigt under tiden<\/li>\n<li>Det tillf\u00e4lliga pingisrummet har blivit en succ\u00e9! V\u00e4rt att titta p\u00e5 om vi kan f\u00e5 fram en lokal s\u00e5 att det kan bli n\u00e5got permanent senare, tills vidare \u00e4r det det tillf\u00e4lliga som g\u00e4ller.<\/li>\n<li>4 deltagare p\u00e5 vanligt \u00f6ppet hus och 4 deltagare p\u00e5 det digitala. Planerar att ha n\u00e4sta \u00f6ppet hus i styrelselokalen om reglementet till\u00e5ter.<\/li>\n<li>Vi har haft inbrott i duschen vid tv\u00e4ttstugan vid 15 C av n\u00e5gon som mer eller mindre har bosatt sig d\u00e4r. Verkar som om personen kommit in med Besam-\u00f6ppnare.<\/li>\n<li>Ser \u00f6ver f\u00f6reningens f\u00f6rs\u00e4kring, har bett f\u00f6rs\u00e4kringsm\u00e4klaren om offerter.<\/li>\n<li>Sida om hur man kan rensa sitt avlopp lades upp innan sommaren (<a href=\"http:\/\/riddaren24.se\/?page_id=5689\"><strong>H\u00c4R<\/strong><\/a>), informationen ska ocks\u00e5 delas ut. Verktyg att l\u00e5na har k\u00f6pts in.<\/li>\n<li>L\u00e5s har satts upp p\u00e5 sandl\u00e5dorna och stolparna p\u00e5 torget, l\u00e5sen p\u00e5 sandl\u00e5dorna tas bort n\u00e4r det \u00e4r dags att b\u00f6rja sanda vintertid.<\/li>\n<li>Beslutas att s\u00e4tta in kilformade pl\u00e5tar vid vissa d\u00f6rrar f\u00f6r att underl\u00e4tta f\u00f6r bland annat de med rullatorer.<\/li>\n<li>Om den d\u00f6da almen vid Hagagr\u00e4nd faktiskt st\u00e5r p\u00e5 v\u00e5r mark s\u00e5 kan vi ocks\u00e5 beh\u00f6va bekosta att ta bort den.<\/li>\n<li>Cykelf\u00f6rr\u00e5den rensas under oktober.<\/li>\n<li>Hisschakten p\u00e5 15 D och 15 G har inspekterats efter \u00f6versv\u00e4mningarna f\u00f6r att se om det fanns vatten i dem (det fanns det). Tittar ocks\u00e5 p\u00e5 m\u00f6jligheten att installera krokar (och filtar) i hissarna f\u00f6r att skydda dem vid in- och utflytt.<\/li>\n<li>Det verkar som om vi beh\u00f6ver r\u00e4kna med att h\u00e4ftiga regn blir allt vanligare och vi beh\u00f6ver i och med det se \u00f6ver \u00e5tminstone 15 D (d\u00e4r r\u00f6ret vid brunnen utanf\u00f6r porten verkar vara f\u00f6r smalt) och 15 G (d\u00e4r vi m\u00e5ste ta reda p\u00e5 var\/hur vattnet kom in, arbete p\u00e5g\u00e5r).<\/li>\n<li>Vi har relativt h\u00f6g energif\u00f6rbrukning j\u00e4mf\u00f6rt med j\u00e4mf\u00f6rbara hus. Att s\u00e4nka den kan bli en relativt h\u00f6g investering men kan vara bra att ta tag i medan vi har kapital. Bra b\u00e5de f\u00f6r att s\u00e4nka de fasta kostnaderna och ocks\u00e5 f\u00f6r milj\u00f6n. Unders\u00f6ks vidare!<\/li>\n<li>Belysningen i trapphusen forts\u00e4tter ses \u00f6ver, 15-huset har nu f\u00e5tt LED installerat och vi b\u00f6r se effekt p\u00e5 kostnaderna. Fungerar bra f\u00f6rutom att belysningen verkar vara p\u00e5 hela dygnet. Forts\u00e4ttning f\u00f6ljer!<\/li>\n<li>Fr\u00e5gan har kommit upp varf\u00f6r man inte f\u00e5r sl\u00e4nga tomma f\u00e4rgburkar i containern f\u00f6r grovsopor; svaret \u00e4r att det kan vara sv\u00e5rt att se om en burk \u00e4r tom och om f\u00e4rgen \u00e4r torr, f\u00f6r att den som st\u00e5r vid containern inte ska beh\u00f6va polisa kring kemikalier \u00e4r det inte till\u00e5tet.<\/li>\n<\/ul>\n<p>&nbsp;<\/p>\n","protected":false},"excerpt":{"rendered":"<p>&nbsp; Planering inf\u00f6r och resultatet av extrast\u00e4mman f\u00f6r att kunna omvandla lokalerna i 15 A till l\u00e4genheter. Uppf\u00f6ljning av motionerna fr\u00e5n ordinarie st\u00e4mman: Starta grupp under h\u00f6sten som tittar p\u00e5 processen f\u00f6r hur vi driver projekt Arbetet med att titta p\u00e5 hur vi kan anv\u00e4nda enk\u00e4ter \u00e4r ig\u00e5ng, en utmaning n\u00e4r m\u00e5nga \u00e4r digitala och &hellip; <\/p>\n<p><a class=\"more-link btn\" href=\"https:\/\/riddaren24.se\/?p=5797\">Forts\u00e4tt l\u00e4sa<\/a><\/p>\n","protected":false},"author":13,"featured_media":0,"comment_status":"closed","ping_status":"closed","sticky":false,"template":"","format":"standard","meta":{"footnotes":""},"categories":[1],"tags":[],"class_list":["post-5797","post","type-post","status-publish","format-standard","hentry","category-okategoriserade","item-wrap"],"_links":{"self":[{"href":"https:\/\/riddaren24.se\/index.php?rest_route=\/wp\/v2\/posts\/5797","targetHints":{"allow":["GET"]}}],"collection":[{"href":"https:\/\/riddaren24.se\/index.php?rest_route=\/wp\/v2\/posts"}],"about":[{"href":"https:\/\/riddaren24.se\/index.php?rest_route=\/wp\/v2\/types\/post"}],"author":[{"embeddable":true,"href":"https:\/\/riddaren24.se\/index.php?rest_route=\/wp\/v2\/users\/13"}],"replies":[{"embeddable":true,"href":"https:\/\/riddaren24.se\/index.php?rest_route=%2Fwp%2Fv2%2Fcomments&post=5797"}],"version-history":[{"count":2,"href":"https:\/\/riddaren24.se\/index.php?rest_route=\/wp\/v2\/posts\/5797\/revisions"}],"predecessor-version":[{"id":5799,"href":"https:\/\/riddaren24.se\/index.php?rest_route=\/wp\/v2\/posts\/5797\/revisions\/5799"}],"wp:attachment":[{"href":"https:\/\/riddaren24.se\/index.php?rest_route=%2Fwp%2Fv2%2Fmedia&parent=5797"}],"wp:term":[{"taxonomy":"category","embeddable":true,"href":"https:\/\/riddaren24.se\/index.php?rest_route=%2Fwp%2Fv2%2Fcategories&post=5797"},{"taxonomy":"post_tag","embeddable":true,"href":"https:\/\/riddaren24.se\/index.php?rest_route=%2Fwp%2Fv2%2Ftags&post=5797"}],"curies":[{"name":"wp","href":"https:\/\/api.w.org\/{rel}","templated":true}]}}