{"id":5648,"date":"2021-05-24T00:45:46","date_gmt":"2021-05-23T22:45:46","guid":{"rendered":"http:\/\/riddaren24.se\/?p=5648"},"modified":"2021-05-24T00:45:46","modified_gmt":"2021-05-23T22:45:46","slug":"information-fran-styrelsemotet-21-05-18","status":"publish","type":"post","link":"https:\/\/riddaren24.se\/?p=5648","title":{"rendered":"Information fr\u00e5n styrelsem\u00f6tet 21-05-18"},"content":{"rendered":"<ul>\n<li>Diskussion kring \u00d6ppet Hus; ca 6 personer hade fr\u00e5gor under m\u00e5ndagens vid containern, endast tv\u00e5 ringde in till det digitala. Vi forts\u00e4tter med dubbla \u00d6ppet Hus en stund till och utv\u00e4rderar sedan.<\/li>\n<li>Tema f\u00f6r n\u00e4sta digitala \u00d6ppet Hus (tisdag 8 juni) \u00e4r ekonomi.<\/li>\n<li>Ekonomin i niv\u00e5 med budget<\/li>\n<li>Fixit via Storholmen fungerar bra f\u00f6r sm\u00e5jobb, viktigt att vi i styrelsen har en tydlig kravst\u00e4llning n\u00e4r vi best\u00e4ller jobb<\/li>\n<li>\u00d6verl\u00e4mningen vad g\u00e4ller in- och utflytt har inte fungerat klockrent, diskussioner med Storholmen kring detta.<\/li>\n<li>En sida kommer l\u00e4ggas upp f\u00f6r de olika intressegrupper som finns i f\u00f6reningen, s\u00e5 det blir l\u00e4tt f\u00f6r intresserade att g\u00e5 med och engagera sig<\/li>\n<li>Fixandet av m\u00e5lningarna p\u00e5 torget dr\u00f6jer lite d\u00e5 f\u00e4rgen varit restnoterad.<\/li>\n<li>Genomg\u00e5ng av de motioner som fick bifall p\u00e5 st\u00e4mman och vilka som vi kan titta p\u00e5 nu och vilka som f\u00e5r v\u00e4nta (fr\u00e4mst pga icke lediga lokaler just nu). \u00d6nskem\u00e5l om \u00f6kad \u00f6ppenhet och st\u00f6rre anv\u00e4ndande av enk\u00e4ter, men f\u00e5 f\u00f6rslag kring hur det kan ske p\u00e5 ett effektivt s\u00e4tt rent praktiskt s\u00e5 det blir en rimlig arbetsinsats, kommer beh\u00f6vas engagemang fr\u00e5n medlemmarna kring detta.<\/li>\n<li>Protokollet fr\u00e5n \u00e5rsm\u00f6tet lades upp p\u00e5 hemsidan 17 maj<\/li>\n<li>Diskussion kring de extrast\u00e4mmor som kommer beh\u00f6vas vid \u00e4ndrad funktion av gemensamhetsytor<\/li>\n<li>Hissprojektet klart och alla fakturor betalda. G\u00e5r in i garanti- och f\u00f6rvaltningsfas.<\/li>\n<li>Tele2\/Com Hem har utf\u00f6rt vissa \u00e4ndringar i n\u00e4tet d\u00e5 vissa fortfarande upplevde svajig uppkoppling, verkar ha f\u00f6rb\u00e4ttrat situationen.<\/li>\n<li>Fortsatt arbete med att f\u00e5 m\u00f6jligheten att v\u00e4rmeanl\u00e4ggningarna \u00f6vervakas p\u00e5 distans<\/li>\n<li>Planerat stambyte i delar av underv\u00e5ningen av 15-huset + installation av giljotin klart enligt plan 10-13 maj. Eventuellt kommer vi beh\u00f6va byta resterande r\u00f6r under 15- och 17-huset, n\u00e5got som till stor del i s\u00e5 fall beh\u00f6ver budgeteras f\u00f6r n\u00e4sta \u00e5r.<\/li>\n<li>M\u00f6te med S\u00e4kerhetsintegrering ang\u00e5ende Aptus-systemet; bl a diskussioner kring sk\u00e4rmarna och eventuella nya versioner av operativsystemet, nya porttelefoner mot torget och m\u00f6jlighet att \u00f6ppna portarna med app ist\u00e4llet f\u00f6r via porttelefonen. Beslutas att best\u00e4lla uppgradering av webbokningen vilket d\u00e5 kan m\u00f6jligg\u00f6ra anv\u00e4ndandet av appen.<\/li>\n<li>Avtal har tecknats med m\u00e4klare kring uthyrning av lokalen p\u00e5 Hagagatan 21.<\/li>\n<li>M\u00f6te planeras med Stockholm parkering kring bl a \u00f6kat antal elladdningsplatser i garaget.<\/li>\n<li>Med de nya krukorna p\u00e5 torget som ska f\u00f6rhindra att bilar k\u00f6r upp d\u00e4r beh\u00f6ver vi en ny placering f\u00f6r containern f\u00f6r grovsopor. Beslutas st\u00e4lla den p\u00e5 den nya handikapp-platsen vid 17 C vid grovsoph\u00e4mtning.<\/li>\n<li>Beslutas att inf\u00f6ra en ny typ av parkeringstillst\u00e5nd att anv\u00e4ndas endast vid in- och utflytt.<\/li>\n<li>Beslutas att f\u00f6rskolan p\u00e5 17-g\u00e5rden f\u00e5r tillg\u00e5ng till hela g\u00e5rden p\u00e5 f\u00f6rskolans dag 20 maj.<\/li>\n<li>Vi h\u00e4lsar nya medlemmar v\u00e4lkomna i 15 F och 17 A!<\/li>\n<\/ul>\n","protected":false},"excerpt":{"rendered":"<p>Diskussion kring \u00d6ppet Hus; ca 6 personer hade fr\u00e5gor under m\u00e5ndagens vid containern, endast tv\u00e5 ringde in till det digitala. Vi forts\u00e4tter med dubbla \u00d6ppet Hus en stund till och utv\u00e4rderar sedan. Tema f\u00f6r n\u00e4sta digitala \u00d6ppet Hus (tisdag 8 juni) \u00e4r ekonomi. Ekonomin i niv\u00e5 med budget Fixit via Storholmen fungerar bra f\u00f6r sm\u00e5jobb, &hellip; <\/p>\n<p><a class=\"more-link btn\" href=\"https:\/\/riddaren24.se\/?p=5648\">Forts\u00e4tt l\u00e4sa<\/a><\/p>\n","protected":false},"author":13,"featured_media":0,"comment_status":"closed","ping_status":"closed","sticky":false,"template":"","format":"standard","meta":{"footnotes":""},"categories":[21],"tags":[],"class_list":["post-5648","post","type-post","status-publish","format-standard","hentry","category-styrelsemote","item-wrap"],"_links":{"self":[{"href":"https:\/\/riddaren24.se\/index.php?rest_route=\/wp\/v2\/posts\/5648","targetHints":{"allow":["GET"]}}],"collection":[{"href":"https:\/\/riddaren24.se\/index.php?rest_route=\/wp\/v2\/posts"}],"about":[{"href":"https:\/\/riddaren24.se\/index.php?rest_route=\/wp\/v2\/types\/post"}],"author":[{"embeddable":true,"href":"https:\/\/riddaren24.se\/index.php?rest_route=\/wp\/v2\/users\/13"}],"replies":[{"embeddable":true,"href":"https:\/\/riddaren24.se\/index.php?rest_route=%2Fwp%2Fv2%2Fcomments&post=5648"}],"version-history":[{"count":1,"href":"https:\/\/riddaren24.se\/index.php?rest_route=\/wp\/v2\/posts\/5648\/revisions"}],"predecessor-version":[{"id":5649,"href":"https:\/\/riddaren24.se\/index.php?rest_route=\/wp\/v2\/posts\/5648\/revisions\/5649"}],"wp:attachment":[{"href":"https:\/\/riddaren24.se\/index.php?rest_route=%2Fwp%2Fv2%2Fmedia&parent=5648"}],"wp:term":[{"taxonomy":"category","embeddable":true,"href":"https:\/\/riddaren24.se\/index.php?rest_route=%2Fwp%2Fv2%2Fcategories&post=5648"},{"taxonomy":"post_tag","embeddable":true,"href":"https:\/\/riddaren24.se\/index.php?rest_route=%2Fwp%2Fv2%2Ftags&post=5648"}],"curies":[{"name":"wp","href":"https:\/\/api.w.org\/{rel}","templated":true}]}}