{"id":5579,"date":"2021-04-25T12:36:58","date_gmt":"2021-04-25T10:36:58","guid":{"rendered":"http:\/\/riddaren24.se\/?p=5579"},"modified":"2021-04-25T22:32:15","modified_gmt":"2021-04-25T20:32:15","slug":"information-fran-styrelsemotet-21-04-20","status":"publish","type":"post","link":"https:\/\/riddaren24.se\/?p=5579","title":{"rendered":"Information fr\u00e5n styrelsem\u00f6tet 21-04-20"},"content":{"rendered":"<ul>\n<li>\u00d6verl\u00e4mningen fr\u00e5n Fastighets\u00e4garna till Storholmen p\u00e5g\u00e5r. Storholmens portal g\u00f6r det l\u00e4ttare att f\u00f6lja upp driftsfr\u00e5gorna \u00e4n det varit tidigare.<\/li>\n<li>Nytt avtal med Securitas skrivet f\u00f6r dygnet runt-jour.<\/li>\n<li>\u00c5rsst\u00e4mma 27 april. Anm\u00e4lningarna till digital st\u00e4mma har skickats till Fastighets\u00e4garna.<\/li>\n<li>Ny hissmaskin + frekvensomvandlare till hissen i 17 F installeras 26-27 april<\/li>\n<li>Fortsatt dialog med Com Hem kring de problem vi m\u00e4rkt och fortfarande m\u00e4rker av. April-avgiften krediterad p\u00e5 avierna.<\/li>\n<li>Har varit marksyn med Tv\u00e5 Sm\u00e5l\u00e4nningar kring vad som h\u00e4nder med g\u00e5rdar och torg i v\u00e5r fr\u00e5n deras sida.<\/li>\n<li>17-g\u00e5rdens fix forts\u00e4tter, IR-v\u00e4rmare+ timer, segelduk \u00f6ver del av pergolan, sm\u00e5bord till sofforna och bloml\u00e5dor kommer s\u00e4ttas upp. Problem med att sand b\u00e4rs ut fr\u00e5n sandl\u00e5dorna vilket s\u00e4tter igen avloppen.<\/li>\n<li>15-g\u00e5rden kommer f\u00e5 p\u00e5fyllning av sand i sandl\u00e5dan, f\u00f6rhoppningsvis kommer ocks\u00e5 renoveringsprojektet snart ig\u00e5ng igen ocks\u00e5.<\/li>\n<li>Torget kommer f\u00e5 &#8221;m\u00e5lningarna&#8221; fixade, bord ska st\u00e4llas ut och de sista lamporna ska f\u00e5 nya sk\u00e4rmar s\u00e5 de inte bl\u00e4ndar. &#8221;Regionens hus\/t\u00e4lt&#8221; kommer st\u00e5 kvar hela 2021 \u00e4r planen.<\/li>\n<li>Dialog med Com Hem f\u00f6r att kunna inf\u00f6ra att man kan \u00f6vervaka v\u00e5ra v\u00e4rmeanl\u00e4ggningar p\u00e5 distans.<\/li>\n<li>Offert beg\u00e4rd f\u00f6r helheten kring stambyte i 15-husets k\u00e4llare\/underv\u00e5ning + giljotin.<\/li>\n<li>Vi har agerat f\u00f6r att \u00f6ka tempot i samf\u00e4llighetsf\u00f6reningen f\u00f6r sopsugen, det \u00e4r en del saker som beh\u00f6ver h\u00e4nda och vi vill arbeta f\u00f6r att r\u00e4nteniv\u00e5n h\u00e5lls nere p\u00e5 miniminiv\u00e5.<\/li>\n<li>Stockholms Stad har informerat om \u00e4ndrad anv\u00e4ndning av den lokal i 15 D som nu anv\u00e4nds som f\u00f6rskola. De kommer forts\u00e4tta hyra lokalen men just nu ser det inte ut att forts\u00e4tta vara f\u00f6rskola d\u00e4r fr\u00e5n i h\u00f6st.<\/li>\n<li>Bastun har invigts och hittills har det varit stort intresse!<\/li>\n<li>Bokningen av gymmet kommer \u00e4ndras s\u00e5 att det kan anv\u00e4ndas dygnet runt i forts\u00e4ttningen. Sker 27 april. Gymmet anv\u00e4nds mycket och det \u00e4r h\u00f6gt tryck, tyv\u00e4rr ser vi att man \u00e4r d\u00e5lig p\u00e5 att boka av n\u00e4r man inte kan anv\u00e4nda den bokade tiden.<\/li>\n<li>F\u00f6rstudie f\u00f6r syrum kommit in, styrelsen st\u00e4ller sig positiv till det om bra lokal kan hittas.<\/li>\n<li>Analysen av lokalerna i 15 A inf\u00f6r eventuell ombyggnad forts\u00e4tter, eventuellt kan det bli aktuellt att titta p\u00e5\u00a0 dagens styrelselokal till detta ist\u00e4llet och inreda styrelserum och \u00f6vernattningsl\u00e4genhet i 15 A. Det har visat sig att hur olika r\u00f6r \u00e4r dragna komplicerar det hela, och vi har ocks\u00e5 sopsugen p\u00e5 gaveln som g\u00f6r det sv\u00e5rare \u00e4n vad f\u00f6rsta analysen visade.<\/li>\n<li>Ut\u00f6kad el till laddplatser i garaget diskuterades. Planeras att dra ig\u00e5ng vidare arbete kring det efter st\u00e4mman.<\/li>\n<li>Arbetet med ut\u00f6kad mobilt\u00e4ckning eller wi-fi i garaget forts\u00e4tter, idag \u00e4r det ju d\u00e5lig t\u00e4ckning inne vid m\u00e5nga garageplatser.<\/li>\n<li>N\u00e4sta \u00d6ppet Hus 3 maj, kl 18-19. Digitalt \u00d6ppet Hus planeras till 11 maj, kl 19-20.<\/li>\n<\/ul>\n<p>&nbsp;<\/p>\n","protected":false},"excerpt":{"rendered":"<p>\u00d6verl\u00e4mningen fr\u00e5n Fastighets\u00e4garna till Storholmen p\u00e5g\u00e5r. Storholmens portal g\u00f6r det l\u00e4ttare att f\u00f6lja upp driftsfr\u00e5gorna \u00e4n det varit tidigare. Nytt avtal med Securitas skrivet f\u00f6r dygnet runt-jour. \u00c5rsst\u00e4mma 27 april. Anm\u00e4lningarna till digital st\u00e4mma har skickats till Fastighets\u00e4garna. Ny hissmaskin + frekvensomvandlare till hissen i 17 F installeras 26-27 april Fortsatt dialog med Com Hem &hellip; <\/p>\n<p><a class=\"more-link btn\" href=\"https:\/\/riddaren24.se\/?p=5579\">Forts\u00e4tt l\u00e4sa<\/a><\/p>\n","protected":false},"author":13,"featured_media":0,"comment_status":"closed","ping_status":"closed","sticky":false,"template":"","format":"standard","meta":{"footnotes":""},"categories":[21],"tags":[],"class_list":["post-5579","post","type-post","status-publish","format-standard","hentry","category-styrelsemote","item-wrap"],"_links":{"self":[{"href":"https:\/\/riddaren24.se\/index.php?rest_route=\/wp\/v2\/posts\/5579","targetHints":{"allow":["GET"]}}],"collection":[{"href":"https:\/\/riddaren24.se\/index.php?rest_route=\/wp\/v2\/posts"}],"about":[{"href":"https:\/\/riddaren24.se\/index.php?rest_route=\/wp\/v2\/types\/post"}],"author":[{"embeddable":true,"href":"https:\/\/riddaren24.se\/index.php?rest_route=\/wp\/v2\/users\/13"}],"replies":[{"embeddable":true,"href":"https:\/\/riddaren24.se\/index.php?rest_route=%2Fwp%2Fv2%2Fcomments&post=5579"}],"version-history":[{"count":2,"href":"https:\/\/riddaren24.se\/index.php?rest_route=\/wp\/v2\/posts\/5579\/revisions"}],"predecessor-version":[{"id":5582,"href":"https:\/\/riddaren24.se\/index.php?rest_route=\/wp\/v2\/posts\/5579\/revisions\/5582"}],"wp:attachment":[{"href":"https:\/\/riddaren24.se\/index.php?rest_route=%2Fwp%2Fv2%2Fmedia&parent=5579"}],"wp:term":[{"taxonomy":"category","embeddable":true,"href":"https:\/\/riddaren24.se\/index.php?rest_route=%2Fwp%2Fv2%2Fcategories&post=5579"},{"taxonomy":"post_tag","embeddable":true,"href":"https:\/\/riddaren24.se\/index.php?rest_route=%2Fwp%2Fv2%2Ftags&post=5579"}],"curies":[{"name":"wp","href":"https:\/\/api.w.org\/{rel}","templated":true}]}}