{"id":5553,"date":"2021-04-12T21:41:40","date_gmt":"2021-04-12T19:41:40","guid":{"rendered":"http:\/\/riddaren24.se\/?p=5553"},"modified":"2021-04-13T19:03:16","modified_gmt":"2021-04-13T17:03:16","slug":"anmalan-digital-stamma-senast-19-april","status":"publish","type":"post","link":"https:\/\/riddaren24.se\/?p=5553","title":{"rendered":"Anm\u00e4lan digital st\u00e4mma &#8211; senast 19 april"},"content":{"rendered":"<p><strong>Uppdatering:<\/strong><\/p>\n<ul>\n<li>Kallelsen ska idag, 13 april, ha delats ut till alla medlemmar!<\/li>\n<li>Vi har idag ocks\u00e5 f\u00e5tt besked om att alla dokument \u00e4r skickade i samma f\u00f6rs\u00e4ndelse fr\u00e5n leverant\u00f6ren (ist\u00e4llet f\u00f6r tv\u00e5 separata som planerat) och b\u00f6r komma inom de n\u00e4rmsta dagarna d\u00e5 de g\u00e5tt iv\u00e4g idag. Det h\u00e4r inneb\u00e4r att datumet vi skrivit p\u00e5 kallelsen f\u00f6r n\u00e4r r\u00f6stsedeln ska vara utdelad inte heller st\u00e4mmer, den kommer tillsammans med \u00f6vriga dokument.<\/li>\n<\/ul>\n<p>&nbsp;<\/p>\n<p><strong>Korta versionen:<\/strong><br \/>\nOm du vill vara med p\u00e5 st\u00e4mman (digitalt i \u00e5r) \u00e4r senaste datum f\u00f6r anm\u00e4lan <strong>19 april <\/strong>(f\u00f6rl\u00e4ngd tid f\u00f6r anm\u00e4lan). Kallelse hittar ni <strong><a href=\"http:\/\/riddaren24.se\/wp-content\/uploads\/2021\/04\/kallelse-brf-riddarsporren-210331.pdf\">H\u00c4R<\/a><\/strong>.<\/p>\n<p>Maila f\u00f6ljande info till styrelsen.riddarsporren24@gmail.com:<br \/>\n&#8211; namn<br \/>\n&#8211; personnummer<br \/>\n&#8211; l\u00e4genhetsnummer<br \/>\n&#8211; e-postadress (f\u00f6r att delta via Teams)<br \/>\n&#8211; mobilnummer<\/p>\n<p><strong>L\u00e5nga versionen:<\/strong><br \/>\nF\u00f6r att vara s\u00e4kra p\u00e5 att alla medlemmar f\u00e5r kallelsen tog vi beslut om att skicka ut den via brev i \u00e5r. Via v\u00e5r leverant\u00f6r fick vi veta att bara de hade dokumenten i fr\u00e5ga senast 1 april s\u00e5 skulle kallelsen komma ut senast 9 april. Det har tydligt inte h\u00e4nt. Inte har den kommit m\u00e5ndagen 12 april heller.<\/p>\n<p>F\u00f6r att s\u00e5 m\u00e5nga som m\u00f6jligt ska kunna deltaga digitalt har Fastighets\u00e4garna f\u00f6rl\u00e4ngt tiden f\u00f6r att kunna anm\u00e4la sig till den <strong>19 april<\/strong>. Hur man g\u00f6r st\u00e5r i <strong><a href=\"http:\/\/riddaren24.se\/wp-content\/uploads\/2021\/04\/kallelse-brf-riddarsporren-210331.pdf\">kallelsen<\/a><\/strong>, och kommer inte brevet med kallelsen den 13 april kommer vi dela ut den till l\u00e4genheterna i v\u00e4ntan p\u00e5 att den och \u00f6vriga dokument kommer med posten.<\/p>\n<p>Vi kommer i \u00e5r ocks\u00e5 till\u00e5ta postr\u00f6stning, dokumentationen kring detta kommer i ett separat brev, s\u00e5 \u00e4ven om man inte vill deltaga p\u00e5 st\u00e4mman kan man \u00e4nd\u00e5 g\u00f6ra sin r\u00f6st h\u00f6rd. I samma brev kommer en utskriven <strong><a href=\"http:\/\/riddaren24.se\/wp-content\/uploads\/2021\/04\/Brf-Riddarsporren-24-RA-2020.pdf\">\u00e5rsredovisning<\/a><\/strong>, valberedningens f\u00f6rslag, motioner samt styrelsens rekommendationer.<\/p>\n","protected":false},"excerpt":{"rendered":"<p>Uppdatering: Kallelsen ska idag, 13 april, ha delats ut till alla medlemmar! Vi har idag ocks\u00e5 f\u00e5tt besked om att alla dokument \u00e4r skickade i samma f\u00f6rs\u00e4ndelse fr\u00e5n leverant\u00f6ren (ist\u00e4llet f\u00f6r tv\u00e5 separata som planerat) och b\u00f6r komma inom de n\u00e4rmsta dagarna d\u00e5 de g\u00e5tt iv\u00e4g idag. Det h\u00e4r inneb\u00e4r att datumet vi skrivit p\u00e5 &hellip; <\/p>\n<p><a class=\"more-link btn\" href=\"https:\/\/riddaren24.se\/?p=5553\">Forts\u00e4tt l\u00e4sa<\/a><\/p>\n","protected":false},"author":13,"featured_media":0,"comment_status":"closed","ping_status":"closed","sticky":false,"template":"","format":"standard","meta":{"footnotes":""},"categories":[4],"tags":[],"class_list":["post-5553","post","type-post","status-publish","format-standard","hentry","category-arsmote","item-wrap"],"_links":{"self":[{"href":"https:\/\/riddaren24.se\/index.php?rest_route=\/wp\/v2\/posts\/5553","targetHints":{"allow":["GET"]}}],"collection":[{"href":"https:\/\/riddaren24.se\/index.php?rest_route=\/wp\/v2\/posts"}],"about":[{"href":"https:\/\/riddaren24.se\/index.php?rest_route=\/wp\/v2\/types\/post"}],"author":[{"embeddable":true,"href":"https:\/\/riddaren24.se\/index.php?rest_route=\/wp\/v2\/users\/13"}],"replies":[{"embeddable":true,"href":"https:\/\/riddaren24.se\/index.php?rest_route=%2Fwp%2Fv2%2Fcomments&post=5553"}],"version-history":[{"count":4,"href":"https:\/\/riddaren24.se\/index.php?rest_route=\/wp\/v2\/posts\/5553\/revisions"}],"predecessor-version":[{"id":5557,"href":"https:\/\/riddaren24.se\/index.php?rest_route=\/wp\/v2\/posts\/5553\/revisions\/5557"}],"wp:attachment":[{"href":"https:\/\/riddaren24.se\/index.php?rest_route=%2Fwp%2Fv2%2Fmedia&parent=5553"}],"wp:term":[{"taxonomy":"category","embeddable":true,"href":"https:\/\/riddaren24.se\/index.php?rest_route=%2Fwp%2Fv2%2Fcategories&post=5553"},{"taxonomy":"post_tag","embeddable":true,"href":"https:\/\/riddaren24.se\/index.php?rest_route=%2Fwp%2Fv2%2Ftags&post=5553"}],"curies":[{"name":"wp","href":"https:\/\/api.w.org\/{rel}","templated":true}]}}