{"id":5547,"date":"2021-04-09T22:39:33","date_gmt":"2021-04-09T20:39:33","guid":{"rendered":"http:\/\/riddaren24.se\/?p=5547"},"modified":"2021-04-09T22:39:33","modified_gmt":"2021-04-09T20:39:33","slug":"arsstamma-kallelse-och-datum","status":"publish","type":"post","link":"https:\/\/riddaren24.se\/?p=5547","title":{"rendered":"\u00c5rsst\u00e4mma &#8211; kallelse och datum"},"content":{"rendered":"<p>St\u00e4mman 2021 kommer bli helt digital och vi tar hj\u00e4lp av Fastighets\u00e4garna f\u00f6r ordf\u00f6randeskap och r\u00f6str\u00e4kning, vilket inneb\u00e4r att postr\u00f6stning respektive anm\u00e4lan om man vill kunna r\u00f6sta p\u00e5 st\u00e4mman ombes\u00f6rjs av dem. En eventuell postr\u00f6st ska vara st\u00e4mmo-ordf\u00f6randen tillhanda senast den 23 april. Om man vill vara med digitalt p\u00e5 st\u00e4mman vill st\u00e4mmo-ordf\u00f6randen ha in anm\u00e4lan senast 14 april.<\/p>\n<p><em>Tyv\u00e4rr verkar det som att kallelsen inte kommer f\u00f6rr\u00e4n efter helgen, vilket inneb\u00e4r att det blir tight med tid f\u00f6r att anm\u00e4la n\u00e4rvaro p\u00e5 st\u00e4mman, vi l\u00e4gger d\u00e4rf\u00f6r redan nu ut kallelsen h\u00e4r s\u00e5 medlemmarna f\u00e5r ett par extra dagar p\u00e5 sig att anm\u00e4la sig.\u00a0<\/em><\/p>\n<p><strong><a href=\"http:\/\/riddaren24.se\/wp-content\/uploads\/2021\/04\/kallelse-brf-riddarsporren-210331.pdf\">Kallelse<\/a><\/strong> och \u00f6vriga dokument ska ha skickats hem till alla medlemmar, f\u00f6rst ett brev med kallelse, instruktioner f\u00f6r digital st\u00e4mma, fullmakt och brev fr\u00e5n ordf\u00f6randen, sedan ett brev med \u00e5rsredovisning, valberedningens f\u00f6rslag, revisionsber\u00e4ttelse, motioner och styrelsens f\u00f6rslag p\u00e5 de punkter vi l\u00e4mnar input.<\/p>\n<p><strong>Kallelse<\/strong>\u00a0hittar ni\u00a0<a href=\"http:\/\/riddaren24.se\/wp-content\/uploads\/2021\/04\/kallelse-brf-riddarsporren-210331.pdf\"><strong>H\u00c4R<\/strong>.<\/a>\u00a0(Observera att det st\u00e5r att ni ska\u00a0 anm\u00e4la senast onsdag 13 april om ni vill n\u00e4rvara, onsdag 14 april ska det vara.) Man kan v\u00e4lja att postr\u00f6sta och sedan bara lyssna in p\u00e5 st\u00e4mman om man vill, alternativt vara med och ocks\u00e5 r\u00f6sta p\u00e5 st\u00e4mman.<\/p>\n<p><strong>\u00c5rsredovisningen<\/strong>\u00a0f\u00f6r 2020 hittar ni\u00a0<strong><a href=\"http:\/\/riddaren24.se\/wp-content\/uploads\/2021\/04\/Brf-Riddarsporren-24-RA-2020.pdf\">H\u00c4R<\/a><\/strong><\/p>\n<p><strong>Instruktioner f\u00f6r digitalt deltagande<\/strong>\u00a0hittar ni\u00a0<strong><a href=\"http:\/\/riddaren24.se\/wp-content\/uploads\/2021\/04\/Bil-4.-Instruktion-till-digitalstamma-riddarsporren-24.pdf\">H\u00c4R.<\/a><\/strong><\/p>\n<p><strong>Fullmakt<\/strong>\u00a0f\u00f6r digital st\u00e4mma hittar ni\u00a0<strong><a href=\"http:\/\/riddaren24.se\/wp-content\/uploads\/2021\/04\/Bil-3.-Fullmakt-digital-stamma-riddarsporren-24.pdf\">H\u00c4R.<\/a> <\/strong>Den ska vara st\u00e4mmo-ordf\u00f6randen tillhanda senast tisdag 20 april.<\/p>\n<p><strong>Viktiga datum:<\/strong><\/p>\n<p>12 april, kl 18-19: \u00d6ppet hus med m\u00f6jlighet att st\u00e4lla fr\u00e5gor till styrelsen kring st\u00e4mma, \u00e5rsredovisning etc.<\/p>\n<p>14 april: Senast anm\u00e4la att man vill vara med p\u00e5 digitala st\u00e4mman<\/p>\n<p>20 april: Eventuell fullmakt ska vara st\u00e4mmo-ordf\u00f6randen tillhanda<\/p>\n<p>20 april, kl 16-17: Digital fr\u00e5gestund med styrelsen med m\u00f6jlighet att st\u00e4lla fr\u00e5gor kring st\u00e4mma, \u00e5rsredovisning etc. Maila styrelsen s\u00e5 skickar vi m\u00f6tesl\u00e4nk.<\/p>\n<p>23 april: Eventuell postr\u00f6st ska vara st\u00e4mmo-ordf\u00f6randen tillhanda<\/p>\n<p>27 april, kl 19.00: St\u00e4mma!<\/p>\n","protected":false},"excerpt":{"rendered":"<p>St\u00e4mman 2021 kommer bli helt digital och vi tar hj\u00e4lp av Fastighets\u00e4garna f\u00f6r ordf\u00f6randeskap och r\u00f6str\u00e4kning, vilket inneb\u00e4r att postr\u00f6stning respektive anm\u00e4lan om man vill kunna r\u00f6sta p\u00e5 st\u00e4mman ombes\u00f6rjs av dem. En eventuell postr\u00f6st ska vara st\u00e4mmo-ordf\u00f6randen tillhanda senast den 23 april. Om man vill vara med digitalt p\u00e5 st\u00e4mman vill st\u00e4mmo-ordf\u00f6randen ha in &hellip; <\/p>\n<p><a class=\"more-link btn\" href=\"https:\/\/riddaren24.se\/?p=5547\">Forts\u00e4tt l\u00e4sa<\/a><\/p>\n","protected":false},"author":13,"featured_media":0,"comment_status":"closed","ping_status":"closed","sticky":false,"template":"","format":"standard","meta":{"footnotes":""},"categories":[1],"tags":[],"class_list":["post-5547","post","type-post","status-publish","format-standard","hentry","category-okategoriserade","item-wrap"],"_links":{"self":[{"href":"https:\/\/riddaren24.se\/index.php?rest_route=\/wp\/v2\/posts\/5547","targetHints":{"allow":["GET"]}}],"collection":[{"href":"https:\/\/riddaren24.se\/index.php?rest_route=\/wp\/v2\/posts"}],"about":[{"href":"https:\/\/riddaren24.se\/index.php?rest_route=\/wp\/v2\/types\/post"}],"author":[{"embeddable":true,"href":"https:\/\/riddaren24.se\/index.php?rest_route=\/wp\/v2\/users\/13"}],"replies":[{"embeddable":true,"href":"https:\/\/riddaren24.se\/index.php?rest_route=%2Fwp%2Fv2%2Fcomments&post=5547"}],"version-history":[{"count":2,"href":"https:\/\/riddaren24.se\/index.php?rest_route=\/wp\/v2\/posts\/5547\/revisions"}],"predecessor-version":[{"id":5549,"href":"https:\/\/riddaren24.se\/index.php?rest_route=\/wp\/v2\/posts\/5547\/revisions\/5549"}],"wp:attachment":[{"href":"https:\/\/riddaren24.se\/index.php?rest_route=%2Fwp%2Fv2%2Fmedia&parent=5547"}],"wp:term":[{"taxonomy":"category","embeddable":true,"href":"https:\/\/riddaren24.se\/index.php?rest_route=%2Fwp%2Fv2%2Fcategories&post=5547"},{"taxonomy":"post_tag","embeddable":true,"href":"https:\/\/riddaren24.se\/index.php?rest_route=%2Fwp%2Fv2%2Ftags&post=5547"}],"curies":[{"name":"wp","href":"https:\/\/api.w.org\/{rel}","templated":true}]}}