{"id":5287,"date":"2021-01-22T01:31:13","date_gmt":"2021-01-21T23:31:13","guid":{"rendered":"http:\/\/riddaren24.se\/?p=5287"},"modified":"2021-01-22T01:32:28","modified_gmt":"2021-01-21T23:32:28","slug":"information-fran-styrelsemotet-21-01-19","status":"publish","type":"post","link":"https:\/\/riddaren24.se\/?p=5287","title":{"rendered":"Information fr\u00e5n styrelsem\u00f6tet 21-01-19"},"content":{"rendered":"<ul>\n<li>\u00c5rsm\u00f6tet planerat till m\u00e5ndag 26 april<\/li>\n<li>Autosvar p\u00e5 mailen uppdaterat f\u00f6r att f\u00f6rtydliga f\u00f6r medlemmar vart de b\u00f6r v\u00e4nda sig i olika fr\u00e5gor, n\u00e4sta steg \u00e4r att se om det \u00e4r lika tydligt p\u00e5 hemsidan.<\/li>\n<li>Rutinerna kring kontroll och attestering av fakturor beh\u00f6ver s\u00e4ttas iom att nya portalen fungerar annorlunda \u00e4n gamla systemet.<\/li>\n<li>Arbetet kring upphandling av f\u00f6rvaltning forts\u00e4tter, extrainsatt styrelsem\u00f6te f\u00f6r beslut n\u00e4r arbetsgruppen hunnit utv\u00e4rdera de olika anbud som kommit in.<\/li>\n<li>Beslut kring st\u00e4dning delegeras till arbetsgruppen, bastu och gym del av uppdaterat avtal.<\/li>\n<li>Byte till ny ekonomiportal har inte varit sm\u00e4rtfritt och n\u00e5gra medlemmar har f\u00e5tt extra kostnader d\u00e5 autogiro enligt uppgift inte fungerat. Dialog med Simpleko\/RBEkonomi kring ers\u00e4ttning f\u00f6r detta.<\/li>\n<li>Styrelsen har nu haft utbildning p\u00e5 nya portalen, planerar att ge feedback till Simpleko.<\/li>\n<li>Driftm\u00f6te 18 januari, en av punkterna d\u00e4rifr\u00e5n \u00e4r att smeden ska f\u00e5 titta p\u00e5 grindarna f\u00f6r att se om det g\u00e5r att g\u00f6ra dem l\u00e4ttare att \u00f6ppna.<\/li>\n<li>Gr\u00e4vning och fels\u00f6kning av l\u00e4ckaget i t\u00e4tskiktet (vid trappan mellan 15 C och D) p\u00e5b\u00f6rjat fredag 15 januari.<\/li>\n<li>Tre hissar har inte fungerat problemfritt, bra samarbete med hissfirman kring \u00e5tg\u00e4rder och garanti!<\/li>\n<li>Com Hem ligger f\u00f6re tidsschemat kring uppgradering. \u00d6verg\u00e5ngen kommer ske m\u00e5ndag 25 januari (15-huset) respektive tisdag 26 januari (17-huset). St\u00f6rningar kommer ske s\u00e5 information beh\u00f6ver komma ut p\u00e5 bloggen och i trappuppg\u00e5ngarna [fixat].<\/li>\n<li>Extra router best\u00e4lld som kommer placeras i elsk\u00e5pet vid bastu och gym s\u00e5 man kan f\u00e5 wi-fi i de lokalerna.<\/li>\n<li>Ett par planteringsl\u00e5dor till 17-g\u00e5rden best\u00e4llda! \u00d6nskem\u00e5l har ocks\u00e5 kommit in om infrav\u00e4rme till (del av) pergolan, d\u00e5 det ryms inom den budget som finns f\u00f6r ytterligare utsmyckning\/trivsel av 17-g\u00e5rden efter renoveringen kommer det best\u00e4llas, inklusive timer.<\/li>\n<li>Vad g\u00e4ller 15-g\u00e5rdens renovering samlas feedback in kring arkitektens senaste f\u00f6rslag som lades upp p\u00e5 hemsidan 13 januari. Det har varit ett antal revisioner av ritningen vilket \u00f6kar p\u00e5 kostnaden f\u00f6r f\u00f6reningen, ska vi hinna starta renoveringen i h\u00f6st (vilket \u00e4r att f\u00f6redra d\u00e5 underlaget p\u00e5 delar av g\u00e5rden beh\u00f6ver \u00e5tg\u00e4rdas) beh\u00f6ver ritningen snart s\u00e4ttas s\u00e5 upphandling kan starta. Nytt tr\u00e4d (eller inte) ist\u00e4llet f\u00f6r almen verkar vara en vattendelare och det kommer bli kritik vad beslutet \u00e4n \u00e4r d\u00e4r, omr\u00f6stning planerad kring detta.<\/li>\n<li>Renoveringen av Torget:\n<ul>\n<li>\u00c5tkomst f\u00f6r alla (med Aptusbricka) till f\u00f6rr\u00e5det och toaletten vid tv\u00e4ttstugan 8-22, med m\u00f6jligheten att l\u00e4gga till dygnet runt-access till toaletten f\u00f6r de som beh\u00f6ver vid badrumsrenovering etc. Duschen bokas som tidigare via bokningssystemet.<\/li>\n<li>\u00c5tg\u00e4rder\/l\u00f6sning f\u00f6r problematiken att belysningen bl\u00e4ndar \u00e4r best\u00e4llt, v\u00e4ntar p\u00e5 leveransbesked.<\/li>\n<li>Tr\u00e4h\u00e4sten \u00e4r planerad f\u00f6r leverans till 20 januari.<\/li>\n<li>Planerad slutbesiktning fredag 5 februari.<\/li>\n<\/ul>\n<\/li>\n<li>Vi har idag oskyddade gl\u00f6dlampor kring m\u00e5nga k\u00e4llarf\u00f6rr\u00e5d\/korridorer vilket vi skulle beh\u00f6va \u00e5tg\u00e4rda. Offerter tas in f\u00f6r detta. Delegeras till arbetsgrupp att titta vidare p\u00e5 detta.<\/li>\n<li>Vi h\u00e4lsar nya medlemmar v\u00e4lkomna i 15 E! Tv\u00e5 familjer har ocks\u00e5 valt att flytta inom f\u00f6reningen och kvarst\u00e5r som medlemmar.<\/li>\n<li>Tittar p\u00e5 eventuell ny rutin kring Aptusbrickor vid \u00f6verl\u00e5telse av l\u00e4genhet.<\/li>\n<li>Kontakt har tagits med kommunens bist\u00e5ndshandl\u00e4ggaren kring hyresg\u00e4st.<\/li>\n<li>Bastun: Finns fortfarande rest\u00e5tg\u00e4rder som beh\u00f6ver fixas innan den kan \u00f6ppnas f\u00f6r medlemmarna.<\/li>\n<li>Gym: I stort sett f\u00e4rdiglevererat och b\u00f6r kunna \u00f6ppnas snart.<\/li>\n<li>Bygglov klart f\u00f6r ombyggnad fr\u00e5n lokaler till l\u00e4genheter i 15 A, projektering kan ta vid.<\/li>\n<li>Ber\u00e4kning har gjorts av RBEkonomi f\u00f6r att s\u00e4kerst\u00e4lla att vi fortfarande \u00e4r inom v\u00e4rdena f\u00f6r \u00e4kta f\u00f6rening, vilket vi \u00e4r.<\/li>\n<li>Vi tittar p\u00e5 att dels f\u00f6rb\u00e4ttra mobilt\u00e4ckningen i garaget, dels vad det skulle inneb\u00e4ra att installera fler laddstolpar (vilket kommer inneb\u00e4ra stora ingrepp i elinstallationer och \u00e4r en stor investering).<\/li>\n<li>En medlem har kommit in med v\u00e4l underbyggt f\u00f6rslag och budget f\u00f6r att inr\u00e4tta musikrum. Styrelsen \u00e4r positiva till att g\u00e5 fram\u00e5t med detta till den budget som diskuterats!<\/li>\n<li>Vi har ytterligare lediga lokaler och det har tidigare framkommit \u00f6nskem\u00e5l om syrum. Vi f\u00e5r unders\u00f6ka om det finns intresse f\u00f6r detta och att en intressegrupp i s\u00e5 fall f\u00e5r hantera det.<\/li>\n<li>Det kan vara bra att se \u00f6ver hemsidan, b\u00e5de vad g\u00e4ller hur informationen \u00e4r organiserad och om vi ska titta p\u00e5 n\u00e5gon annan l\u00f6sning. Arbetsgrupp inom styrelsen bildad f\u00f6r detta.<\/li>\n<li>Tre medlemmar ur styrelsen kommer g\u00e5 brandskyddsutbildning.<\/li>\n<\/ul>\n","protected":false},"excerpt":{"rendered":"<p>\u00c5rsm\u00f6tet planerat till m\u00e5ndag 26 april Autosvar p\u00e5 mailen uppdaterat f\u00f6r att f\u00f6rtydliga f\u00f6r medlemmar vart de b\u00f6r v\u00e4nda sig i olika fr\u00e5gor, n\u00e4sta steg \u00e4r att se om det \u00e4r lika tydligt p\u00e5 hemsidan. Rutinerna kring kontroll och attestering av fakturor beh\u00f6ver s\u00e4ttas iom att nya portalen fungerar annorlunda \u00e4n gamla systemet. Arbetet kring &hellip; <\/p>\n<p><a class=\"more-link btn\" href=\"https:\/\/riddaren24.se\/?p=5287\">Forts\u00e4tt l\u00e4sa<\/a><\/p>\n","protected":false},"author":13,"featured_media":0,"comment_status":"closed","ping_status":"closed","sticky":false,"template":"","format":"standard","meta":{"footnotes":""},"categories":[21],"tags":[],"class_list":["post-5287","post","type-post","status-publish","format-standard","hentry","category-styrelsemote","item-wrap"],"_links":{"self":[{"href":"https:\/\/riddaren24.se\/index.php?rest_route=\/wp\/v2\/posts\/5287","targetHints":{"allow":["GET"]}}],"collection":[{"href":"https:\/\/riddaren24.se\/index.php?rest_route=\/wp\/v2\/posts"}],"about":[{"href":"https:\/\/riddaren24.se\/index.php?rest_route=\/wp\/v2\/types\/post"}],"author":[{"embeddable":true,"href":"https:\/\/riddaren24.se\/index.php?rest_route=\/wp\/v2\/users\/13"}],"replies":[{"embeddable":true,"href":"https:\/\/riddaren24.se\/index.php?rest_route=%2Fwp%2Fv2%2Fcomments&post=5287"}],"version-history":[{"count":3,"href":"https:\/\/riddaren24.se\/index.php?rest_route=\/wp\/v2\/posts\/5287\/revisions"}],"predecessor-version":[{"id":5290,"href":"https:\/\/riddaren24.se\/index.php?rest_route=\/wp\/v2\/posts\/5287\/revisions\/5290"}],"wp:attachment":[{"href":"https:\/\/riddaren24.se\/index.php?rest_route=%2Fwp%2Fv2%2Fmedia&parent=5287"}],"wp:term":[{"taxonomy":"category","embeddable":true,"href":"https:\/\/riddaren24.se\/index.php?rest_route=%2Fwp%2Fv2%2Fcategories&post=5287"},{"taxonomy":"post_tag","embeddable":true,"href":"https:\/\/riddaren24.se\/index.php?rest_route=%2Fwp%2Fv2%2Ftags&post=5287"}],"curies":[{"name":"wp","href":"https:\/\/api.w.org\/{rel}","templated":true}]}}