{"id":5218,"date":"2020-12-20T21:38:02","date_gmt":"2020-12-20T19:38:02","guid":{"rendered":"http:\/\/riddaren24.se\/?p=5218"},"modified":"2020-12-20T21:42:37","modified_gmt":"2020-12-20T19:42:37","slug":"information-fran-styrelsemotet-20-12-16","status":"publish","type":"post","link":"https:\/\/riddaren24.se\/?p=5218","title":{"rendered":"Information fr\u00e5n Styrelsem\u00f6tet 20-12-16"},"content":{"rendered":"\n<ul class=\"wp-block-list\"><li>Offertunderlag har skickats ut ang\u00e5ende f\u00f6rvaltning<\/li><\/ul>\n\n\n\n<ul class=\"wp-block-list\"><li>Viktigt att vi har f\u00f6rr\u00e5d till de lokaler vi bygger om till bost\u00e4der<\/li><\/ul>\n\n\n\n<ul class=\"wp-block-list\"><li>Slutbesiktning av sista etappen i Hissprojektet utf\u00f6rdes 15 december<\/li><\/ul>\n\n\n\n<ul class=\"wp-block-list\"><li>Information kommer s\u00e4ttas upp i hissarna om vad som g\u00e4ller iom att vi har garanti p\u00e5 dem<\/li><\/ul>\n\n\n\n<ul class=\"wp-block-list\"><li>Tidplanen f\u00f6r uppgraderingen av bredbandet \u00e4r fortfarande att det \u00e4r klart senast 1 februari 2021<\/li><\/ul>\n\n\n\n<ul class=\"wp-block-list\"><li>Nya belysningen p\u00e5 torget kommer justeras s\u00e5 den inte lyser s\u00e5 mycket upp\u00e5t d\u00e5 det st\u00f6r boende s\u00e5som den \u00e4r installerad nu<\/li><\/ul>\n\n\n\n<ul class=\"wp-block-list\"><li>Projektgrupp bildades f\u00f6r installationen av porttelefonerna mot torget<\/li><\/ul>\n\n\n\n<ul class=\"wp-block-list\"><li>Vi har slutit nytt avtal kring garaget med Stockholm Parkering.<\/li><\/ul>\n\n\n\n<ul class=\"wp-block-list\"><li>Diskussion hur man skulle kunna finansiera installation av fler laddstolpar i garaget, en ganska stor investering d\u00e5 elcentralen beh\u00f6ver byggas ut.<\/li><\/ul>\n\n\n\n<ul class=\"wp-block-list\"><li>Fortsatta diskussioner kring lokaler och b\u00e4sta anv\u00e4ndningen av utrymmen.<\/li><\/ul>\n\n\n\n<ul class=\"wp-block-list\"><li>RBEkonomi kontrollr\u00e4knar p\u00e5 \u00e4kta vs o\u00e4kta f\u00f6rening, bra att g\u00f6ra det regelbundet n\u00e4r vi s\u00e4tter om lokalavtal.<\/li><\/ul>\n\n\n\n<ul class=\"wp-block-list\"><li>Fortsatt arbete kring boende som st\u00f6r andra<\/li><\/ul>\n\n\n\n<ul class=\"wp-block-list\"><li>Status p\u00e5 bastu och gym, m\u00f6jlig \u00f6ppning mitten av januari som det ser ut nu. M\u00e5nga anm\u00e4lningar som kommit in!<\/li><\/ul>\n\n\n\n<ul class=\"wp-block-list\"><li>Den hyresr\u00e4tt som var ute till f\u00f6rs\u00e4ljning i 15 D \u00e4r nu s\u00e5ld.<\/li><\/ul>\n\n\n\n<ul class=\"wp-block-list\"><li>N\u00e4sta \u00e5rs datum f\u00f6r grovsopor best\u00e4mdes (fortsatt f\u00f6rsta m\u00e5ndagen i m\u00e5naden, undantaget p\u00e5sk): <ul><li>4\/1<\/li><\/ul><ul><li>1\/2<\/li><\/ul><ul><li>1\/3<\/li><\/ul><ul><li>12\/4 (5e \u00e4r annandag p\u00e5sk)<\/li><\/ul><ul><li>3\/5<\/li><\/ul><ul><li>7\/6<\/li><\/ul><ul><li>(Juli sommaruppeh\u00e5ll)<\/li><\/ul><ul><li>2\/8<\/li><\/ul><ul><li>6\/9<\/li><\/ul><ul><li>4\/10<\/li><\/ul><ul><li>1\/11<\/li><\/ul><ul><li>6\/12<\/li><\/ul><\/li><li>Ser \u00f6ver hur vi skulle kunna f\u00e5 automatiska notiser p\u00e5 FB-sidan n\u00e4r vi l\u00e4gger upp inl\u00e4gg p\u00e5 bloggen, kr\u00e4ver dock admin-r\u00e4ttigheter som det ser ut.<\/li><\/ul>\n\n\n\n<ul class=\"wp-block-list\"><li>Corona-provtagningst\u00e4ltet \u00e4r uppst\u00e4llt.<\/li><\/ul>\n\n\n\n<ul class=\"wp-block-list\"><li>Vi h\u00e4lsar ny medlem i 17 C v\u00e4lkommen! Och p\u00e5 s\u00e4tt och vis i 15 D, fast d\u00e4r \u00e4r det medlemmar som flyttar inom f\u00f6reningen.<\/li><\/ul>\n","protected":false},"excerpt":{"rendered":"<p>Offertunderlag har skickats ut ang\u00e5ende f\u00f6rvaltning Viktigt att vi har f\u00f6rr\u00e5d till de lokaler vi bygger om till bost\u00e4der Slutbesiktning av sista etappen i Hissprojektet utf\u00f6rdes 15 december Information kommer s\u00e4ttas upp i hissarna om vad som g\u00e4ller iom att vi har garanti p\u00e5 dem Tidplanen f\u00f6r uppgraderingen av bredbandet \u00e4r fortfarande att det \u00e4r &hellip; <\/p>\n<p><a class=\"more-link btn\" href=\"https:\/\/riddaren24.se\/?p=5218\">Forts\u00e4tt l\u00e4sa<\/a><\/p>\n","protected":false},"author":13,"featured_media":0,"comment_status":"closed","ping_status":"closed","sticky":false,"template":"","format":"standard","meta":{"footnotes":""},"categories":[1],"tags":[],"class_list":["post-5218","post","type-post","status-publish","format-standard","hentry","category-okategoriserade","item-wrap"],"_links":{"self":[{"href":"https:\/\/riddaren24.se\/index.php?rest_route=\/wp\/v2\/posts\/5218","targetHints":{"allow":["GET"]}}],"collection":[{"href":"https:\/\/riddaren24.se\/index.php?rest_route=\/wp\/v2\/posts"}],"about":[{"href":"https:\/\/riddaren24.se\/index.php?rest_route=\/wp\/v2\/types\/post"}],"author":[{"embeddable":true,"href":"https:\/\/riddaren24.se\/index.php?rest_route=\/wp\/v2\/users\/13"}],"replies":[{"embeddable":true,"href":"https:\/\/riddaren24.se\/index.php?rest_route=%2Fwp%2Fv2%2Fcomments&post=5218"}],"version-history":[{"count":2,"href":"https:\/\/riddaren24.se\/index.php?rest_route=\/wp\/v2\/posts\/5218\/revisions"}],"predecessor-version":[{"id":5220,"href":"https:\/\/riddaren24.se\/index.php?rest_route=\/wp\/v2\/posts\/5218\/revisions\/5220"}],"wp:attachment":[{"href":"https:\/\/riddaren24.se\/index.php?rest_route=%2Fwp%2Fv2%2Fmedia&parent=5218"}],"wp:term":[{"taxonomy":"category","embeddable":true,"href":"https:\/\/riddaren24.se\/index.php?rest_route=%2Fwp%2Fv2%2Fcategories&post=5218"},{"taxonomy":"post_tag","embeddable":true,"href":"https:\/\/riddaren24.se\/index.php?rest_route=%2Fwp%2Fv2%2Ftags&post=5218"}],"curies":[{"name":"wp","href":"https:\/\/api.w.org\/{rel}","templated":true}]}}