{"id":5180,"date":"2020-12-03T01:21:53","date_gmt":"2020-12-02T23:21:53","guid":{"rendered":"http:\/\/riddaren24.se\/?p=5180"},"modified":"2020-12-03T01:32:11","modified_gmt":"2020-12-02T23:32:11","slug":"torget-och-gardarna-uppdatering","status":"publish","type":"post","link":"https:\/\/riddaren24.se\/?p=5180","title":{"rendered":"Torget och g\u00e5rdarna &#8211; uppdatering"},"content":{"rendered":"\n<p><strong>Torget<\/strong><\/p>\n\n\n\n<p>Under vecka 50 kommer den r\u00f6da mattan p\u00e5 torget att limmas vilket inneb\u00e4r att det kommer vara en stark lukt under 2-3 dagar.  EJ giftigt! F\u00f6rhoppningsvis kan sedan m\u00f6blerna monteras v 51 och torget slutf\u00f6ras under januari.<\/p>\n\n\n\n<p><strong>15-g\u00e5rden<\/strong><\/p>\n\n\n\n<p>Arbetet med 15-g\u00e5rden g\u00e5r fram\u00e5t och vi v\u00e4ntar just nu p\u00e5 en uppdaterad skiss fr\u00e5n arkitekten. G\u00e5rdsgruppen har gjort ett bra jobb att h\u00e5lla ihop olika \u00f6nskem\u00e5l och har tagit mycket av det som kom fram i enk\u00e4terna fr\u00e5n 15-g\u00e5rdens boende i beaktande i de \u00f6nskem\u00e5l de f\u00f6rt fram. <\/p>\n\n\n\n<p>Planen fram\u00e5t \u00e4r att presentera den uppdaterade skissen p\u00e5 ett \u00f6ppet hus f\u00f6r att kunna f\u00e5 in feedback fr\u00e5n alla boende i f\u00f6reningen (den l\u00e4ggs ocks\u00e5 upp p\u00e5 projektsidan). Finns det n\u00e5got vi saknar p\u00e5 17-g\u00e5rden som vi skulle vilja se p\u00e5 15-g\u00e5rden? V\u00e5ra g\u00e5rdar \u00e4r ju till f\u00f6r alla boende s\u00e5 vi v\u00e4lkomnar input fr\u00e5n alla.<\/p>\n\n\n\n<p>Just nu tror vi att en renovering tidigast kommer ig\u00e5ng efter sommaren 2021, eventuellt v\u00e5ren 2022.<\/p>\n\n\n\n<p><strong>17-g\u00e5rden<\/strong><\/p>\n\n\n\n<p>Den trivselgrupp som bildades har ju kommit in med en del \u00f6nskem\u00e5l, och vi kommer se lite mer av det till v\u00e5ren och sommaren n\u00e4sta \u00e5r.<\/p>\n\n\n\n<p>Vi har sammanfattat v\u00e5ra erfarenheter fr\u00e5n renoveringen under projektsidan, s\u00e5 \u00e4r man intresserad av de olika turerna kan man l\u00e4sa mer<a href=\"http:\/\/riddaren24.se\/?page_id=5185\" data-type=\"page\" data-id=\"5185\"> <strong>h\u00e4r!<\/strong> (Aktuella projekt\/Renovering av g\u00e5rdar och torg\/Erfarenheter fr\u00e5n 17-g\u00e5rdsrenoveringen)<\/a><\/p>\n","protected":false},"excerpt":{"rendered":"<p>Torget Under vecka 50 kommer den r\u00f6da mattan p\u00e5 torget att limmas vilket inneb\u00e4r att det kommer vara en stark lukt under 2-3 dagar. EJ giftigt! F\u00f6rhoppningsvis kan sedan m\u00f6blerna monteras v 51 och torget slutf\u00f6ras under januari. 15-g\u00e5rden Arbetet med 15-g\u00e5rden g\u00e5r fram\u00e5t och vi v\u00e4ntar just nu p\u00e5 en uppdaterad skiss fr\u00e5n arkitekten. &hellip; <\/p>\n<p><a class=\"more-link btn\" href=\"https:\/\/riddaren24.se\/?p=5180\">Forts\u00e4tt l\u00e4sa<\/a><\/p>\n","protected":false},"author":13,"featured_media":0,"comment_status":"closed","ping_status":"closed","sticky":false,"template":"","format":"standard","meta":{"footnotes":""},"categories":[1],"tags":[],"class_list":["post-5180","post","type-post","status-publish","format-standard","hentry","category-okategoriserade","item-wrap"],"_links":{"self":[{"href":"https:\/\/riddaren24.se\/index.php?rest_route=\/wp\/v2\/posts\/5180","targetHints":{"allow":["GET"]}}],"collection":[{"href":"https:\/\/riddaren24.se\/index.php?rest_route=\/wp\/v2\/posts"}],"about":[{"href":"https:\/\/riddaren24.se\/index.php?rest_route=\/wp\/v2\/types\/post"}],"author":[{"embeddable":true,"href":"https:\/\/riddaren24.se\/index.php?rest_route=\/wp\/v2\/users\/13"}],"replies":[{"embeddable":true,"href":"https:\/\/riddaren24.se\/index.php?rest_route=%2Fwp%2Fv2%2Fcomments&post=5180"}],"version-history":[{"count":7,"href":"https:\/\/riddaren24.se\/index.php?rest_route=\/wp\/v2\/posts\/5180\/revisions"}],"predecessor-version":[{"id":5194,"href":"https:\/\/riddaren24.se\/index.php?rest_route=\/wp\/v2\/posts\/5180\/revisions\/5194"}],"wp:attachment":[{"href":"https:\/\/riddaren24.se\/index.php?rest_route=%2Fwp%2Fv2%2Fmedia&parent=5180"}],"wp:term":[{"taxonomy":"category","embeddable":true,"href":"https:\/\/riddaren24.se\/index.php?rest_route=%2Fwp%2Fv2%2Fcategories&post=5180"},{"taxonomy":"post_tag","embeddable":true,"href":"https:\/\/riddaren24.se\/index.php?rest_route=%2Fwp%2Fv2%2Ftags&post=5180"}],"curies":[{"name":"wp","href":"https:\/\/api.w.org\/{rel}","templated":true}]}}