{"id":5165,"date":"2020-11-22T02:49:34","date_gmt":"2020-11-22T00:49:34","guid":{"rendered":"http:\/\/riddaren24.se\/?p=5165"},"modified":"2020-11-24T00:11:54","modified_gmt":"2020-11-23T22:11:54","slug":"information-fran-styrelsemotet-20-11-16","status":"publish","type":"post","link":"https:\/\/riddaren24.se\/?p=5165","title":{"rendered":"Information fr\u00e5n Styrelsem\u00f6tet 20-11-16"},"content":{"rendered":"\n<ul class=\"wp-block-list\"><li>Gl\u00f6ggminglet st\u00e4lls tyv\u00e4rr in pga nya rekommendationer att inte samlas f\u00f6r m\u00e5nga. Vi planerar att arrangera n\u00e5got vid ett senare tillf\u00e4lle n\u00e4r det k\u00e4nns bra att tr\u00e4ffas m\u00e5nga igen.<\/li><li>Region Stockholm har fr\u00e5gat om de kan st\u00e4lla upp ett t\u00e4lt p\u00e5 torget f\u00f6r Corona-tester. Pga torgrenoveringen \u00e4r den enda rimliga platsen f\u00f6r detta just nu upp mot h\u00f6rnet vid Micasa-huset\/7-Eleven. Styrelsen beslutade att bifalla \u00f6nskem\u00e5let om Region Stockholm tycker platsen \u00e4r bra, detta d\u00e5 vi anser det vara en samh\u00e4llsinsats med tanke p\u00e5 dagens situation.<\/li><li>Togs beslut om budget f\u00f6r 2021<\/li><li>Planeras att under n\u00e4sta \u00e5r installera porttelefoner ocks\u00e5 i portarna mot torget<\/li><li>Mindre gym planeras i lokalen bredvid bastun, troligtvis i b\u00f6rjan av n\u00e4sta \u00e5r.<\/li><li>\u00d6versyn av belysningen i k\u00e4llarg\u00e5ngarna kommer ske n\u00e4sta \u00e5r, eventuellt byte till effektivare armaturer.<\/li><li>Det sista kring hissbytena p\u00e5g\u00e5r enligt plan och hissprojektet kommer vara helt klart 7 december! Kommer \u00e5terst\u00e5 lite m\u00e5lning och besiktning som eventuellt drar \u00f6ver till januari.<\/li><li>ComHem\/Tele2 har startat upp sista delen i v\u00e5rt projekt f\u00f6r att uppgradera oss till 1200\/1200Mbit, n\u00e5got f\u00f6rsenat och kommer vara klart senast 1 februari.<\/li><li>Har m\u00e4tts ut f\u00f6r blomsterl\u00e5dor p\u00e5 17-g\u00e5rden, v\u00e4ntar p\u00e5 offert, och den nya ljusslingan p\u00e5 pergolan verkar vara lika \u00e4lskad som hatad (\u201dDen lyser upp s\u00e5 himla mysigt!\u201d och \u201dAlldeles f\u00f6r julig, s\u00e5 kan vi inte ha det ju\u201d \u00e4r bland annat olika omd\u00f6men som f\u00e4llts).<\/li><li>Vad g\u00e4ller 15-g\u00e5rden v\u00e4ntar vi p\u00e5 m\u00f6te p\u00e5 plats med landskapsarkitekten och representanter fr\u00e5n g\u00e5rdsgruppen och styrelsen, detta f\u00f6r att tydligare kunna f\u00e5 fram v\u00e5ra \u00f6nskem\u00e5l. Vi har ocks\u00e5 haft m\u00f6te med grannf\u00f6reningen f\u00f6r att beskriva v\u00e5ra planer och ocks\u00e5 h\u00f6ra om deras (deras del g\u00e5r ut ca 3 m, och planerna inkluderar fler cykelst\u00e4ll och uppfr\u00e4schning av v\u00e4xter och tr\u00e4d t ex).<\/li><li>Kan vara intressant att veta att ber\u00e4knade m\u00e4ngden flis vid bortfr\u00e4sning av alm-stubben p\u00e5 15-g\u00e5rden \u00e4r 8 ton!<\/li><li>Renoveringen av torget l\u00f6per p\u00e5 i rask takt! En sandl\u00e5da ingen visste om uppt\u00e4cktes under ett antal plattor, tyv\u00e4rr hade den gjort att tr\u00e4dr\u00f6tter kunnat v\u00e4xa fritt och st\u00e4lla till problem, detta har nu \u00e5tg\u00e4rdats.<\/li><li>Vi ligger i startgroparna f\u00f6r att titta p\u00e5 hur inomhustemperaturen f\u00f6rdelas i huskropparna<\/li><li>F\u00f6reningen hade planer p\u00e5 att s\u00e4lja en nu ledig hyresr\u00e4tt i 15 D i november, men pga uppt\u00e4ckt vattenskada i k\u00f6ket f\u00f6rskjuts de planerna tills detta har \u00e5tg\u00e4rdats.<\/li><li>Hyresf\u00f6rhandlingar fortg\u00e5r och det \u00e4r planerat ett m\u00f6te med besiktningsman, Hyresg\u00e4stf\u00f6reningen och v\u00e5r jurist<\/li><li>Vi forts\u00e4tter arbetet med att se \u00f6ver hyresniv\u00e5erna p\u00e5 lokaler och f\u00f6rr\u00e5d.<\/li><li>Bastun \u00e4r snart klar! Beslutades om deposition p\u00e5 1000 kr och \u00e5rsavgift p\u00e5 600 kr\/lgh f\u00f6r att nyttja bastun.<\/li><li>Vi kommer inte beh\u00f6va beslut p\u00e5 f\u00f6reningsst\u00e4mma f\u00f6r att bygga om lokalerna i 15 A till l\u00e4genheter d\u00e5 det \u00e4r s\u00e5 liten yta i f\u00f6rh\u00e5llande till totala ytan i f\u00f6reningen.<\/li><li>Rapportering fr\u00e5n m\u00f6te med valberedningen, d\u00e4r styrelsen gav sin syn p\u00e5 bra storlek p\u00e5 styrelsen och vi ocks\u00e5 pratade om m\u00f6jliga tider f\u00f6r \u00e5rsm\u00f6tet n\u00e4sta \u00e5r.<\/li><li>Det har kommit in \u00f6nskem\u00e5l om att ut\u00f6ka tv\u00e4ttiderna p\u00e5 s\u00f6ndagar; d\u00e5 de som bor ovanf\u00f6r tv\u00e4ttstugorna st\u00f6rs \u00e4r det inte aktuellt att ut\u00f6ka tiderna nu.<\/li><\/ul>\n","protected":false},"excerpt":{"rendered":"<p>Gl\u00f6ggminglet st\u00e4lls tyv\u00e4rr in pga nya rekommendationer att inte samlas f\u00f6r m\u00e5nga. Vi planerar att arrangera n\u00e5got vid ett senare tillf\u00e4lle n\u00e4r det k\u00e4nns bra att tr\u00e4ffas m\u00e5nga igen. Region Stockholm har fr\u00e5gat om de kan st\u00e4lla upp ett t\u00e4lt p\u00e5 torget f\u00f6r Corona-tester. Pga torgrenoveringen \u00e4r den enda rimliga platsen f\u00f6r detta just nu &hellip; <\/p>\n<p><a class=\"more-link btn\" href=\"https:\/\/riddaren24.se\/?p=5165\">Forts\u00e4tt l\u00e4sa<\/a><\/p>\n","protected":false},"author":13,"featured_media":0,"comment_status":"closed","ping_status":"closed","sticky":false,"template":"","format":"standard","meta":{"footnotes":""},"categories":[1,21],"tags":[],"class_list":["post-5165","post","type-post","status-publish","format-standard","hentry","category-okategoriserade","category-styrelsemote","item-wrap"],"_links":{"self":[{"href":"https:\/\/riddaren24.se\/index.php?rest_route=\/wp\/v2\/posts\/5165","targetHints":{"allow":["GET"]}}],"collection":[{"href":"https:\/\/riddaren24.se\/index.php?rest_route=\/wp\/v2\/posts"}],"about":[{"href":"https:\/\/riddaren24.se\/index.php?rest_route=\/wp\/v2\/types\/post"}],"author":[{"embeddable":true,"href":"https:\/\/riddaren24.se\/index.php?rest_route=\/wp\/v2\/users\/13"}],"replies":[{"embeddable":true,"href":"https:\/\/riddaren24.se\/index.php?rest_route=%2Fwp%2Fv2%2Fcomments&post=5165"}],"version-history":[{"count":1,"href":"https:\/\/riddaren24.se\/index.php?rest_route=\/wp\/v2\/posts\/5165\/revisions"}],"predecessor-version":[{"id":5166,"href":"https:\/\/riddaren24.se\/index.php?rest_route=\/wp\/v2\/posts\/5165\/revisions\/5166"}],"wp:attachment":[{"href":"https:\/\/riddaren24.se\/index.php?rest_route=%2Fwp%2Fv2%2Fmedia&parent=5165"}],"wp:term":[{"taxonomy":"category","embeddable":true,"href":"https:\/\/riddaren24.se\/index.php?rest_route=%2Fwp%2Fv2%2Fcategories&post=5165"},{"taxonomy":"post_tag","embeddable":true,"href":"https:\/\/riddaren24.se\/index.php?rest_route=%2Fwp%2Fv2%2Ftags&post=5165"}],"curies":[{"name":"wp","href":"https:\/\/api.w.org\/{rel}","templated":true}]}}