{"id":5130,"date":"2020-11-02T20:46:41","date_gmt":"2020-11-02T18:46:41","guid":{"rendered":"http:\/\/riddaren24.se\/?p=5130"},"modified":"2020-11-02T20:46:41","modified_gmt":"2020-11-02T18:46:41","slug":"rensning-av-cyklar-och-ny-skyltning-av-cykelrummen","status":"publish","type":"post","link":"https:\/\/riddaren24.se\/?p=5130","title":{"rendered":"Rensning av cyklar och ny skyltning av cykelrummen"},"content":{"rendered":"<p>Som tidigare har aviserats kommer\u00a0det inom kort att\u00a0g\u00f6ras\u00a0en rensning\u00a0av oanv\u00e4nda cyklar i cykelf\u00f6rr\u00e5den och i cykelst\u00e4llen utomhus. Den 26 oktober m\u00e4rktes alla cyklar med ett gult plastband, och alla uppmanas att ta bort banden fr\u00e5n sina cyklar.<\/p>\n<p><strong>Den 9 november kommer en genomg\u00e5ng att g\u00f6ras, och alla cyklar som har det gula bandet kvar kommer att forslas bort och f\u00f6rvaras i 6 m\u00e5nader.\u00a0<\/strong><\/p>\n<p>I samband med denna rensning\u00a0g\u00f6rs en\u00a0ny\u00a0skyltning av cykelf\u00f6rr\u00e5den, d\u00e4r dessa m\u00e4rks upp antingen som<\/p>\n<ul>\n<li><strong>V<\/strong><strong>ardagsf\u00f6rvaring<\/strong>, f\u00f6r dig\u00a0som anv\u00e4nder din cykel dagligen<\/li>\n<\/ul>\n<p>eller<\/p>\n<ul>\n<li><strong>L\u00e5ngtidsf\u00f6rvaring<\/strong>, f\u00f6r dig som anv\u00e4nder cykeln mer s\u00e4llan och inte har samma behov av att snabbt komma \u00e5t den som vardagspendlaren<\/li>\n<\/ul>\n<p><b>Styrelsen tackar p\u00e5 f\u00f6rhand f\u00f6r att man flyttar sin cykel till det f\u00f6rvaringsutrymme som passar ens behov b\u00e4st.<\/b><\/p>\n","protected":false},"excerpt":{"rendered":"<p>Som tidigare har aviserats kommer\u00a0det inom kort att\u00a0g\u00f6ras\u00a0en rensning\u00a0av oanv\u00e4nda cyklar i cykelf\u00f6rr\u00e5den och i cykelst\u00e4llen utomhus. Den 26 oktober m\u00e4rktes alla cyklar med ett gult plastband, och alla uppmanas att ta bort banden fr\u00e5n sina cyklar. Den 9 november kommer en genomg\u00e5ng att g\u00f6ras, och alla cyklar som har det gula bandet kvar kommer &hellip; <\/p>\n<p><a class=\"more-link btn\" href=\"https:\/\/riddaren24.se\/?p=5130\">Forts\u00e4tt l\u00e4sa<\/a><\/p>\n","protected":false},"author":16,"featured_media":0,"comment_status":"closed","ping_status":"closed","sticky":false,"template":"","format":"standard","meta":{"footnotes":""},"categories":[1],"tags":[],"class_list":["post-5130","post","type-post","status-publish","format-standard","hentry","category-okategoriserade","item-wrap"],"_links":{"self":[{"href":"https:\/\/riddaren24.se\/index.php?rest_route=\/wp\/v2\/posts\/5130","targetHints":{"allow":["GET"]}}],"collection":[{"href":"https:\/\/riddaren24.se\/index.php?rest_route=\/wp\/v2\/posts"}],"about":[{"href":"https:\/\/riddaren24.se\/index.php?rest_route=\/wp\/v2\/types\/post"}],"author":[{"embeddable":true,"href":"https:\/\/riddaren24.se\/index.php?rest_route=\/wp\/v2\/users\/16"}],"replies":[{"embeddable":true,"href":"https:\/\/riddaren24.se\/index.php?rest_route=%2Fwp%2Fv2%2Fcomments&post=5130"}],"version-history":[{"count":1,"href":"https:\/\/riddaren24.se\/index.php?rest_route=\/wp\/v2\/posts\/5130\/revisions"}],"predecessor-version":[{"id":5131,"href":"https:\/\/riddaren24.se\/index.php?rest_route=\/wp\/v2\/posts\/5130\/revisions\/5131"}],"wp:attachment":[{"href":"https:\/\/riddaren24.se\/index.php?rest_route=%2Fwp%2Fv2%2Fmedia&parent=5130"}],"wp:term":[{"taxonomy":"category","embeddable":true,"href":"https:\/\/riddaren24.se\/index.php?rest_route=%2Fwp%2Fv2%2Fcategories&post=5130"},{"taxonomy":"post_tag","embeddable":true,"href":"https:\/\/riddaren24.se\/index.php?rest_route=%2Fwp%2Fv2%2Ftags&post=5130"}],"curies":[{"name":"wp","href":"https:\/\/api.w.org\/{rel}","templated":true}]}}