{"id":5110,"date":"2020-10-25T13:05:46","date_gmt":"2020-10-25T11:05:46","guid":{"rendered":"http:\/\/riddaren24.se\/?p=5110"},"modified":"2020-10-25T13:05:46","modified_gmt":"2020-10-25T11:05:46","slug":"information-fran-styrelsemotet-20-10-20","status":"publish","type":"post","link":"https:\/\/riddaren24.se\/?p=5110","title":{"rendered":"Information fr\u00e5n Styrelsem\u00f6tet 20-10-20"},"content":{"rendered":"<p>&nbsp;<\/p>\n<ul>\n<li>Hobbyrummet \u00e4r redo f\u00f6r invigning! F\u00f6r mer information se lappar i portarna och information h\u00e4r p\u00e5 hemsidan.<\/li>\n<li>Gl\u00f6ggminglet blir utomhus i \u00e5r, den 12 december p\u00e5 17-g\u00e5rden. Mer information kommer.<\/li>\n<li>Oms\u00e4ttningen av tv\u00e5 l\u00e5n \u00e4r klar:\n<ul>\n<li>L\u00e5net p\u00e5\u00a025 Mkr bands p\u00e5 5 \u00e5r till r\u00e4ntan 0,71% (tidigare r\u00f6rligt)<\/li>\n<li>L\u00e5net p\u00e5 50 Mkr bands p\u00e5 10 \u00e5r till r\u00e4ntan 1,05% (tidigare 5-\u00e5rigt till r\u00e4ntan 1,48%)<\/li>\n<\/ul>\n<\/li>\n<li>Beslutades att amortera 6 Mkr p\u00e5 f\u00f6reningens l\u00e5n, amorteringen kommer g\u00e5 igenom i december<\/li>\n<li>Budgetunderlaget har kommit fr\u00e5n RBEkonomi s\u00e5 budgetarbetet inf\u00f6r n\u00e4sta \u00e5r kan p\u00e5b\u00f6rjas, f\u00f6rv\u00e4ntas beslutas p\u00e5 n\u00e4sta styrelsem\u00f6te<\/li>\n<li>Ljudm\u00e4tning utf\u00f6rd hos f\u00f6rskolan 15-g\u00e5rden. Protokoll har inkommit, 3 rum ligger \u00f6ver gr\u00e4nsv\u00e4rdena och beh\u00f6ver \u00e5tg\u00e4rdas.<\/li>\n<li>R\u00e5ttgiljotinerna har tagit 237 r\u00e5ttor sedan de installerades f\u00f6r ett \u00e5r sedan. (Vi har ocks\u00e5 andra \u00e5tg\u00e4rder i fastigheten vid behov.)<\/li>\n<li>Hissprojektet forts\u00e4tter enligt plan och budget!<\/li>\n<li>Information om garanti etc f\u00f6r hissarna kommer komma upp p\u00e5 hemsidan. <span class=\"d2edcug0 hpfvmrgz qv66sw1b c1et5uql rrkovp55 a8c37x1j keod5gw0 nxhoafnm aigsh9s9 d3f4x2em fe6kdd0r mau55g9w c8b282yb iv3no6db jq4qci2q a3bd9o3v knj5qynh oo9gr5id\" dir=\"auto\">Vi har serviceavtal med Hiss och Elteknik p\u00e5 alla v\u00e5ra hissar och p\u00e5 de nya hissarna har vi dessutom fem \u00e5rs garanti p\u00e5 installation och material. M\u00e4rker man att hissen st\u00e5r eller n\u00e5got annat s\u00e5 \u00e4r det viktigt att felanm\u00e4la.<\/span><\/li>\n<li>Com Hem kommer snart p\u00e5b\u00f6rja sista etappen i uppgraderingen av bredbandet, mer information ska komma innan 1 november.<\/li>\n<li>Trivselgruppen f\u00f6r 17-g\u00e5rden har tr\u00e4ffats, beslutades om ink\u00f6p av m\u00f6bler och annat enligt f\u00f6rslag.<\/li>\n<li>Vi v\u00e4ntar p\u00e5 ytterligare ritning f\u00f6r 15-g\u00e5rden, med de underarbeten som vi nu uppt\u00e4ckte \u00e4nd\u00e5 beh\u00f6ver g\u00f6ras kommer vi beh\u00f6va revidera budgeten. Trolig start n\u00e4sta \u00e5r.<\/li>\n<li>Beslutades att p\u00e5b\u00f6rja renoveringen av torget i \u00e5r, \u00e4ven d\u00e4r har budgeten reviderats. V\u00e4ntar p\u00e5 ytterligare ett anbud innan beslut tas.<\/li>\n<li>I renoveringen av torget ing\u00e5r ocks\u00e5 viss ombyggnad av hallen i tv\u00e4ttstugan i 15 C, bland annat f\u00f6r att underl\u00e4tta \u00e5tkomst till toaletten som finns d\u00e4r s\u00e5 man inte beh\u00f6ver boka duschen eller tv\u00e4ttstugan f\u00f6r att komma \u00e5t den.<\/li>\n<li>Vi forts\u00e4tter titta p\u00e5 f\u00f6reningens f\u00f6rvaltning och j\u00e4mf\u00f6r alternativ f\u00f6r en bra helhet mellan de olika omr\u00e5dena.<\/li>\n<li>\u00d6versyn av Besam-beh\u00f6righeterna, fr\u00e4mst baserat p\u00e5 kommunens information.<\/li>\n<li>Vi b\u00f6rjar titta p\u00e5 v\u00e4rmekostnaderna som inte f\u00f6r\u00e4ndrats som f\u00f6rv\u00e4ntat efter f\u00f6nster- och fasadrenoveringen, \u00e4ven om de g\u00e5tt ner n\u00e5got. Funderingar p\u00e5 att l\u00e4ngre fram m\u00e4ta i ett antal l\u00e4genheter f\u00f6r att se temperaturen samt ocks\u00e5 j\u00e4mf\u00f6ra skillnader mellan l\u00e4genheter.<\/li>\n<li>Bastun ber\u00e4knas vara klar i slutet av november.<\/li>\n<li>Planerna p\u00e5 gym forts\u00e4tter, med avv\u00e4gningen att hantverkare vi anlitar f\u00f6r st\u00f6rre projekt kommer beh\u00f6va byggbodar (vilket kostar) d\u00e5 utrymmet de normalt har till sitt f\u00f6rfogande kommer tas i anspr\u00e5k till gymmet.<\/li>\n<li>Vi kommer skicka in ans\u00f6kan om bygglov f\u00f6r ombyggnad av de tomma lokalerna i 15 A till l\u00e4genheter.<\/li>\n<li>Vi forts\u00e4tter titta p\u00e5 m\u00f6jligheter vad g\u00e4ller garaget. \u00d6nskem\u00e5l finns ocks\u00e5 fr\u00e5n Stockholm Parkering bland annat kring ut\u00f6kad elmatning f\u00f6r att kunna ut\u00f6ka antalet laddplatser, en relativt stor investering.<\/li>\n<li>Vi har genomf\u00f6rt en stor inventering av f\u00f6reningens olika lokaler och f\u00f6rr\u00e5d och arbetar vidare f\u00f6r att f\u00e5 till en enhetlig hyress\u00e4ttning. Vissa f\u00f6rr\u00e5d beh\u00f6ver visst fixande f\u00f6r att sedan kunna hyras ut.<\/li>\n<li>Vi h\u00e4lsar nya medlemmar v\u00e4lkomna i 15 B, 17 K och 17 N !<\/li>\n<\/ul>\n<p>&nbsp;<\/p>\n","protected":false},"excerpt":{"rendered":"<p>&nbsp; Hobbyrummet \u00e4r redo f\u00f6r invigning! F\u00f6r mer information se lappar i portarna och information h\u00e4r p\u00e5 hemsidan. Gl\u00f6ggminglet blir utomhus i \u00e5r, den 12 december p\u00e5 17-g\u00e5rden. Mer information kommer. Oms\u00e4ttningen av tv\u00e5 l\u00e5n \u00e4r klar: L\u00e5net p\u00e5\u00a025 Mkr bands p\u00e5 5 \u00e5r till r\u00e4ntan 0,71% (tidigare r\u00f6rligt) L\u00e5net p\u00e5 50 Mkr bands p\u00e5 &hellip; <\/p>\n<p><a class=\"more-link btn\" href=\"https:\/\/riddaren24.se\/?p=5110\">Forts\u00e4tt l\u00e4sa<\/a><\/p>\n","protected":false},"author":13,"featured_media":0,"comment_status":"closed","ping_status":"closed","sticky":false,"template":"","format":"standard","meta":{"footnotes":""},"categories":[21],"tags":[],"class_list":["post-5110","post","type-post","status-publish","format-standard","hentry","category-styrelsemote","item-wrap"],"_links":{"self":[{"href":"https:\/\/riddaren24.se\/index.php?rest_route=\/wp\/v2\/posts\/5110","targetHints":{"allow":["GET"]}}],"collection":[{"href":"https:\/\/riddaren24.se\/index.php?rest_route=\/wp\/v2\/posts"}],"about":[{"href":"https:\/\/riddaren24.se\/index.php?rest_route=\/wp\/v2\/types\/post"}],"author":[{"embeddable":true,"href":"https:\/\/riddaren24.se\/index.php?rest_route=\/wp\/v2\/users\/13"}],"replies":[{"embeddable":true,"href":"https:\/\/riddaren24.se\/index.php?rest_route=%2Fwp%2Fv2%2Fcomments&post=5110"}],"version-history":[{"count":9,"href":"https:\/\/riddaren24.se\/index.php?rest_route=\/wp\/v2\/posts\/5110\/revisions"}],"predecessor-version":[{"id":5119,"href":"https:\/\/riddaren24.se\/index.php?rest_route=\/wp\/v2\/posts\/5110\/revisions\/5119"}],"wp:attachment":[{"href":"https:\/\/riddaren24.se\/index.php?rest_route=%2Fwp%2Fv2%2Fmedia&parent=5110"}],"wp:term":[{"taxonomy":"category","embeddable":true,"href":"https:\/\/riddaren24.se\/index.php?rest_route=%2Fwp%2Fv2%2Fcategories&post=5110"},{"taxonomy":"post_tag","embeddable":true,"href":"https:\/\/riddaren24.se\/index.php?rest_route=%2Fwp%2Fv2%2Ftags&post=5110"}],"curies":[{"name":"wp","href":"https:\/\/api.w.org\/{rel}","templated":true}]}}