{"id":5062,"date":"2020-08-30T21:24:51","date_gmt":"2020-08-30T19:24:51","guid":{"rendered":"http:\/\/riddaren24.se\/?p=5062"},"modified":"2020-08-30T21:25:46","modified_gmt":"2020-08-30T19:25:46","slug":"information-fran-styrelsemotet-20-08-25","status":"publish","type":"post","link":"https:\/\/riddaren24.se\/?p=5062","title":{"rendered":"Information fr\u00e5n Styrelsem\u00f6tet 20-08-25"},"content":{"rendered":"<p>&nbsp;<\/p>\n<ul>\n<li>Stockholms Milj\u00f6f\u00f6rvaltning, h\u00e4lsoskydds f\u00f6rel\u00e4ggande ang buller i f\u00f6rskolans lokaler i 15-huset.<\/li>\n<li>M\u00f6te med leverant\u00f6rer kring ekonomisk f\u00f6rvaltning<\/li>\n<li>Dialog med banken p\u00e5b\u00f6rjad kring oms\u00e4ttning av ett par av l\u00e5nen<\/li>\n<li>Sista etappen i hissbytet ber\u00e4knas starta enligt plan<\/li>\n<li>Information ska upp i hissarna med information kring garanti etc.<\/li>\n<li>Uppgraderingen av bredband ber\u00e4knas fortfarande vara klart senast i december, enligt plan.<\/li>\n<li>Budgeten f\u00f6r 17-g\u00e5rden ser ut att ha \u00f6verskridits, vi beh\u00f6ver se \u00f6ver budgeterna f\u00f6r torget och 15-g\u00e5rden s\u00e5 att siffrorna \u00e4r rimliga.<\/li>\n<li>Det har kommit in n\u00e5gra olika f\u00f6rslag kring gr\u00f6nska och m\u00f6blering p\u00e5 17-g\u00e5rden. Trivselgruppen tr\u00e4ffas\u00a07 september kl 19.00.<\/li>\n<li>Beslutas att till\u00e5ta grillning med elgrillar p\u00e5 anvisad plats p\u00e5 prov, bord att st\u00e4lla grillarna p\u00e5 ska inhandlas och ordningreglerna uppdateras.<\/li>\n<li>Vattenslang att f\u00e4sta i vattenutkastet f\u00f6r att kunna anv\u00e4nda vattenleksaken p\u00e5 17-g\u00e5rden kommer h\u00e4ngas mellan 17L-K. Nyckel till vattenutkastet h\u00e4ngs upp i cykelrummet s\u00e5 att alla kommer \u00e5t den.<\/li>\n<li>Vi har f\u00e5tt problem med r\u00e5ttor p\u00e5 17-g\u00e5rden, det st\u00e4das upp bra p\u00e5 bord etc efter att man har \u00e4tit men ligger ofta lite matrester kvar p\u00e5 marken. Sopborste och skyffel inhandlas och st\u00e4lls ut f\u00f6r att underl\u00e4tta st\u00e4dningen efter man \u00e4tit.<\/li>\n<li>Ny krok f\u00f6r m\u00f6jlighet att st\u00e4lla upp d\u00f6rren till cykelrummen bredvid 15 A ska ha fixats.<\/li>\n<li>Planer f\u00f6r 15-g\u00e5rden och torets renovering forts\u00e4tter.<\/li>\n<li>Beslutas att titta \u00f6ver avtalet f\u00f6r tr\u00e4dg\u00e5rdssk\u00f6tsel.<\/li>\n<li>Solpaneler p\u00e5 taken har i en f\u00f6rstudie bed\u00f6mts ej bli l\u00f6nsamt pga f\u00f6r lite fri yta p\u00e5 taken. Vi har ist\u00e4llet anm\u00e4lt intresse av att vara med i den solcellspark som det finns planer p\u00e5 i Solna till 2021.<\/li>\n<li>Vi ska se \u00f6ver antalet abonnemang in till fastigheten f\u00f6r att se om vi kan ha f\u00e4rre \u00e4n de vi har.<\/li>\n<li>Stickprov med ultraljud kommer g\u00f6ras p\u00e5 avloppsr\u00f6ren i k\u00e4llaren, budgeten kommer beh\u00f6va ut\u00f6kas f\u00f6r bytet av r\u00f6ren i k\u00e4llaren. Byte sker tidigast n\u00e4sta \u00e5r. (stammarna f\u00f6r resten av fastigheten ber\u00e4knas fortfarande ligga ett antal \u00e5r fram\u00e5t i tiden).<\/li>\n<li>Beh\u00f6righeter p\u00e5 Aptus-brickorna nollst\u00e4lldes inte f\u00f6r alla boende vid utbytet, kommer att justeras f\u00f6r de som inte har den beh\u00f6righet de normalt borde ha.<\/li>\n<li>Vi har accepterat hyresg\u00e4stf\u00f6reningens bud p\u00e5 hyresh\u00f6jningar fr\u00e5n 1 juli. Vi kommer fram\u00f6ver g\u00f6ra en bruksv\u00e4rdebed\u00f6mning p\u00e5 hyresr\u00e4tterna.<\/li>\n<li>En ledig hyresr\u00e4tt kommer ombildas och s\u00e4ljas i h\u00f6st.<\/li>\n<li>Bastuprojektet startar n\u00e4sta vecka, k\u00e4llarv\u00e5ningen i 17-huset, hantverkarna kommer informera n\u00e4r det sker st\u00f6rande arbete.<\/li>\n<li>Arbetet med snickar-\/hobbyrummet i 15-huset fortskrider och inredning kommer b\u00f6rja inhandlas.<\/li>\n<li>N\u00e4sta \u00d6ppet Hus 7 september, fortsatt utomhus i anslutning till grovsops-containern.<\/li>\n<li>Vi v\u00e4lkomnar nya medlemmar i 15D!<\/li>\n<\/ul>\n","protected":false},"excerpt":{"rendered":"<p>&nbsp; Stockholms Milj\u00f6f\u00f6rvaltning, h\u00e4lsoskydds f\u00f6rel\u00e4ggande ang buller i f\u00f6rskolans lokaler i 15-huset. M\u00f6te med leverant\u00f6rer kring ekonomisk f\u00f6rvaltning Dialog med banken p\u00e5b\u00f6rjad kring oms\u00e4ttning av ett par av l\u00e5nen Sista etappen i hissbytet ber\u00e4knas starta enligt plan Information ska upp i hissarna med information kring garanti etc. Uppgraderingen av bredband ber\u00e4knas fortfarande vara klart senast &hellip; <\/p>\n<p><a class=\"more-link btn\" href=\"https:\/\/riddaren24.se\/?p=5062\">Forts\u00e4tt l\u00e4sa<\/a><\/p>\n","protected":false},"author":13,"featured_media":0,"comment_status":"closed","ping_status":"closed","sticky":false,"template":"","format":"standard","meta":{"footnotes":""},"categories":[21],"tags":[],"class_list":["post-5062","post","type-post","status-publish","format-standard","hentry","category-styrelsemote","item-wrap"],"_links":{"self":[{"href":"https:\/\/riddaren24.se\/index.php?rest_route=\/wp\/v2\/posts\/5062","targetHints":{"allow":["GET"]}}],"collection":[{"href":"https:\/\/riddaren24.se\/index.php?rest_route=\/wp\/v2\/posts"}],"about":[{"href":"https:\/\/riddaren24.se\/index.php?rest_route=\/wp\/v2\/types\/post"}],"author":[{"embeddable":true,"href":"https:\/\/riddaren24.se\/index.php?rest_route=\/wp\/v2\/users\/13"}],"replies":[{"embeddable":true,"href":"https:\/\/riddaren24.se\/index.php?rest_route=%2Fwp%2Fv2%2Fcomments&post=5062"}],"version-history":[{"count":2,"href":"https:\/\/riddaren24.se\/index.php?rest_route=\/wp\/v2\/posts\/5062\/revisions"}],"predecessor-version":[{"id":5064,"href":"https:\/\/riddaren24.se\/index.php?rest_route=\/wp\/v2\/posts\/5062\/revisions\/5064"}],"wp:attachment":[{"href":"https:\/\/riddaren24.se\/index.php?rest_route=%2Fwp%2Fv2%2Fmedia&parent=5062"}],"wp:term":[{"taxonomy":"category","embeddable":true,"href":"https:\/\/riddaren24.se\/index.php?rest_route=%2Fwp%2Fv2%2Fcategories&post=5062"},{"taxonomy":"post_tag","embeddable":true,"href":"https:\/\/riddaren24.se\/index.php?rest_route=%2Fwp%2Fv2%2Ftags&post=5062"}],"curies":[{"name":"wp","href":"https:\/\/api.w.org\/{rel}","templated":true}]}}