{"id":5059,"date":"2020-08-10T15:01:10","date_gmt":"2020-08-10T13:01:10","guid":{"rendered":"http:\/\/riddaren24.se\/?p=5059"},"modified":"2020-08-10T15:01:59","modified_gmt":"2020-08-10T13:01:59","slug":"analoga-tv-och-radiosandningar-upphor-8-september","status":"publish","type":"post","link":"https:\/\/riddaren24.se\/?p=5059","title":{"rendered":"Analoga TV- och radios\u00e4ndningar upph\u00f6r 8 september"},"content":{"rendered":"<p>ComHem meddelar att de analoga s\u00e4ndningarna av tv och FM-radio via antennuttaget i l\u00e4genheten kommer att upph\u00f6ra den 8 september.\u00a0Fr\u00e5n mitten av augusti b\u00f6rjar en informationstext rulla i tv-rutan p\u00e5 de analoga kanalerna. Ser du texten p\u00e5 din tv tittar du analogt och beh\u00f6ver \u00e4ndra till digital-tv. F\u00e5r du ingen informationstext i din tv-ruta i mitten av augusti tittar du redan digitalt och beh\u00f6ver <strong>inte<\/strong> g\u00f6ra n\u00e5got.<\/p>\n<p>F\u00f6r mer information, svar p\u00e5 fr\u00e5gor, och hj\u00e4lp med att koppla om till digital-tv, bes\u00f6k <a href=\"https:\/\/www.comhem.se\/digitalisering\">www.comhem.se\/digitalisering<\/a>.<\/p>\n","protected":false},"excerpt":{"rendered":"<p>ComHem meddelar att de analoga s\u00e4ndningarna av tv och FM-radio via antennuttaget i l\u00e4genheten kommer att upph\u00f6ra den 8 september.\u00a0Fr\u00e5n mitten av augusti b\u00f6rjar en informationstext rulla i tv-rutan p\u00e5 de analoga kanalerna. Ser du texten p\u00e5 din tv tittar du analogt och beh\u00f6ver \u00e4ndra till digital-tv. F\u00e5r du ingen informationstext i din tv-ruta i &hellip; <\/p>\n<p><a class=\"more-link btn\" href=\"https:\/\/riddaren24.se\/?p=5059\">Forts\u00e4tt l\u00e4sa<\/a><\/p>\n","protected":false},"author":16,"featured_media":0,"comment_status":"closed","ping_status":"closed","sticky":false,"template":"","format":"standard","meta":{"footnotes":""},"categories":[1],"tags":[],"class_list":["post-5059","post","type-post","status-publish","format-standard","hentry","category-okategoriserade","item-wrap"],"_links":{"self":[{"href":"https:\/\/riddaren24.se\/index.php?rest_route=\/wp\/v2\/posts\/5059","targetHints":{"allow":["GET"]}}],"collection":[{"href":"https:\/\/riddaren24.se\/index.php?rest_route=\/wp\/v2\/posts"}],"about":[{"href":"https:\/\/riddaren24.se\/index.php?rest_route=\/wp\/v2\/types\/post"}],"author":[{"embeddable":true,"href":"https:\/\/riddaren24.se\/index.php?rest_route=\/wp\/v2\/users\/16"}],"replies":[{"embeddable":true,"href":"https:\/\/riddaren24.se\/index.php?rest_route=%2Fwp%2Fv2%2Fcomments&post=5059"}],"version-history":[{"count":2,"href":"https:\/\/riddaren24.se\/index.php?rest_route=\/wp\/v2\/posts\/5059\/revisions"}],"predecessor-version":[{"id":5061,"href":"https:\/\/riddaren24.se\/index.php?rest_route=\/wp\/v2\/posts\/5059\/revisions\/5061"}],"wp:attachment":[{"href":"https:\/\/riddaren24.se\/index.php?rest_route=%2Fwp%2Fv2%2Fmedia&parent=5059"}],"wp:term":[{"taxonomy":"category","embeddable":true,"href":"https:\/\/riddaren24.se\/index.php?rest_route=%2Fwp%2Fv2%2Fcategories&post=5059"},{"taxonomy":"post_tag","embeddable":true,"href":"https:\/\/riddaren24.se\/index.php?rest_route=%2Fwp%2Fv2%2Ftags&post=5059"}],"curies":[{"name":"wp","href":"https:\/\/api.w.org\/{rel}","templated":true}]}}