{"id":5037,"date":"2020-07-09T23:36:02","date_gmt":"2020-07-09T21:36:02","guid":{"rendered":"http:\/\/riddaren24.se\/?p=5037"},"modified":"2020-07-09T23:36:02","modified_gmt":"2020-07-09T21:36:02","slug":"17-garden-2","status":"publish","type":"post","link":"https:\/\/riddaren24.se\/?p=5037","title":{"rendered":"17-g\u00e5rden"},"content":{"rendered":"<p>&nbsp;<\/p>\n<p>17-g\u00e5rden har besiktigats och de \u00e5tg\u00e4rder som bed\u00f6ms beh\u00f6vs ska vara \u00e5tg\u00e4rdade till slutet av augusti.\u00a0Det g\u00e5r dock bra att anv\u00e4nda g\u00e5rden och den \u00e4r sj\u00e4lvklart \u00f6ppen att anv\u00e4ndas av alla v\u00e5ra boende!<\/p>\n<p>I och med att entreprenaden nu \u00e4r klar (bortsett fr\u00e5n \u00e5tg\u00e4rderna fr\u00e5n besiktningen) inneb\u00e4r det att vi nu kan b\u00f6rja utsmycka g\u00e5rden. En del planerar vi f\u00f6r i augusti f\u00f6r att f\u00e5 till det lite trevligare framf\u00f6rallt p\u00e5 ytan utan leksaker, resten t\u00e4nker vi att trivselgruppen \u00e4r med och planerar n\u00e4r vi har sett mer hur g\u00e5rden anv\u00e4nds av oss boende under sommaren.<\/p>\n","protected":false},"excerpt":{"rendered":"<p>&nbsp; 17-g\u00e5rden har besiktigats och de \u00e5tg\u00e4rder som bed\u00f6ms beh\u00f6vs ska vara \u00e5tg\u00e4rdade till slutet av augusti.\u00a0Det g\u00e5r dock bra att anv\u00e4nda g\u00e5rden och den \u00e4r sj\u00e4lvklart \u00f6ppen att anv\u00e4ndas av alla v\u00e5ra boende! I och med att entreprenaden nu \u00e4r klar (bortsett fr\u00e5n \u00e5tg\u00e4rderna fr\u00e5n besiktningen) inneb\u00e4r det att vi nu kan b\u00f6rja utsmycka &hellip; <\/p>\n<p><a class=\"more-link btn\" href=\"https:\/\/riddaren24.se\/?p=5037\">Forts\u00e4tt l\u00e4sa<\/a><\/p>\n","protected":false},"author":13,"featured_media":0,"comment_status":"closed","ping_status":"closed","sticky":false,"template":"","format":"standard","meta":{"footnotes":""},"categories":[1,22],"tags":[],"class_list":["post-5037","post","type-post","status-publish","format-standard","hentry","category-okategoriserade","category-projekt","item-wrap"],"_links":{"self":[{"href":"https:\/\/riddaren24.se\/index.php?rest_route=\/wp\/v2\/posts\/5037","targetHints":{"allow":["GET"]}}],"collection":[{"href":"https:\/\/riddaren24.se\/index.php?rest_route=\/wp\/v2\/posts"}],"about":[{"href":"https:\/\/riddaren24.se\/index.php?rest_route=\/wp\/v2\/types\/post"}],"author":[{"embeddable":true,"href":"https:\/\/riddaren24.se\/index.php?rest_route=\/wp\/v2\/users\/13"}],"replies":[{"embeddable":true,"href":"https:\/\/riddaren24.se\/index.php?rest_route=%2Fwp%2Fv2%2Fcomments&post=5037"}],"version-history":[{"count":3,"href":"https:\/\/riddaren24.se\/index.php?rest_route=\/wp\/v2\/posts\/5037\/revisions"}],"predecessor-version":[{"id":5040,"href":"https:\/\/riddaren24.se\/index.php?rest_route=\/wp\/v2\/posts\/5037\/revisions\/5040"}],"wp:attachment":[{"href":"https:\/\/riddaren24.se\/index.php?rest_route=%2Fwp%2Fv2%2Fmedia&parent=5037"}],"wp:term":[{"taxonomy":"category","embeddable":true,"href":"https:\/\/riddaren24.se\/index.php?rest_route=%2Fwp%2Fv2%2Fcategories&post=5037"},{"taxonomy":"post_tag","embeddable":true,"href":"https:\/\/riddaren24.se\/index.php?rest_route=%2Fwp%2Fv2%2Ftags&post=5037"}],"curies":[{"name":"wp","href":"https:\/\/api.w.org\/{rel}","templated":true}]}}