{"id":4923,"date":"2020-05-01T01:00:53","date_gmt":"2020-04-30T23:00:53","guid":{"rendered":"http:\/\/riddaren24.se\/?p=4923"},"modified":"2020-05-01T15:22:15","modified_gmt":"2020-05-01T13:22:15","slug":"information-fran-styrelsemotet-20-04-22","status":"publish","type":"post","link":"https:\/\/riddaren24.se\/?p=4923","title":{"rendered":"Information fr\u00e5n Styrelsem\u00f6tet 20-04-22"},"content":{"rendered":"<ul>\n<li>Ekonomin ser \u00e4n s\u00e5 l\u00e4nge bra ut.<\/li>\n<li>M\u00f6jliga alternativ f\u00f6r st\u00e4mman:\n<ul>\n<li>Alt 1. I kyrkan, max 50 personer<\/li>\n<li>Alt 2. Utomhus 15-g\u00e5rden<\/li>\n<li>Alt 3. Ajournera st\u00e4mman<\/li>\n<li>Postr\u00f6stning m\u00f6jlig? Beh\u00f6ver vara tydligt hur det ska g\u00e5 till<\/li>\n<li>F\u00f6rtydliga att endast en representant fr\u00e5n varje hush\u00e5ll deltar fysiskt<\/li>\n<\/ul>\n<\/li>\n<li>\u00c5rsredovisningen f\u00f6r 2019 har lagts upp p\u00e5 hemsidan.<\/li>\n<li>Beslutar att RBEkonomi i st\u00e4mmo-utskicket ocks\u00e5 skickar ut \u00e5rsredovisningen d\u00e5 vi inte kan r\u00e4kna med att s\u00e5 m\u00e5nga kommer fysiskt p\u00e5 \u00e5rsm\u00f6tet<\/li>\n<li>Tre motioner har kommit in till st\u00e4mman<\/li>\n<li>Vitvaruleverant\u00f6rsavtalet har upph\u00f6rt; offerter tas in f\u00f6r nytt avtal<\/li>\n<li>Beslutas att i detta skede inte byta till iLoq-l\u00e5s p\u00e5 portarna, kan bli aktuellt f\u00f6r budgeten n\u00e4sta \u00e5r<\/li>\n<li>Till h\u00f6sten planeras nya pelare till sopsystemet f\u00f6r matavfall<\/li>\n<li>Allt klart kring OVK<\/li>\n<li>Det praktiska kring snickarlokalen b\u00f6rjar bli klart; g\u00e5 ut med intressanm\u00e4lan f\u00f6r att f\u00e5 till en grupp som tittar p\u00e5 inredning och formerna f\u00f6r hur vi driver det<\/li>\n<li>Ett\u00e5rsavtal f\u00f6r ut\u00f6kad parkeringsrondering p\u00e5 torget, f\u00f6r att se om vi kan f\u00e5 bukt med den \u00f6kade l\u00e5nga parkeringen<\/li>\n<li>M\u00f6te i b\u00f6rjan av maj ang\u00e5ende garanti\u00e5tg\u00e4rderna f\u00f6r f\u00f6nsterprojektet<\/li>\n<li>Nya d\u00f6rrar ska monteras p\u00e5 skyddsrumsf\u00f6rr\u00e5den<\/li>\n<li>Ser ut som att vi kan v\u00e4nta till 2021\/2022 f\u00f6r att \u00e5tg\u00e4rda avloppsstammarna i k\u00e4llaren<\/li>\n<li>Hissprojektet g\u00e5r enligt budget och plan<\/li>\n<li>Beslut att anta det uppdaterade anbudet fr\u00e5n Com Hem. Tydlig information om bakgrunden till det att s\u00e4ttas upp p\u00e5 tavlorna.<\/li>\n<li>Renoveringen av 17-g\u00e5rden: beh\u00f6ver \u00e5tg\u00e4rda fallet och uppr\u00e4tta vertikalritning, viss merkostnad men fortfarande inom budget<\/li>\n<li>15-g\u00e5rden: Enk\u00e4t har samlats in och projektgruppen har sammanst\u00e4llt<\/li>\n<li>Torget: M\u00f6te har h\u00e5llts med den projektgrupp som bildats<\/li>\n<li>Tydligare skyltar f\u00f6r kamera\u00f6vervakning har kommit upp<\/li>\n<li>Intresse har kommit in f\u00f6r att glasa in balkonerna h\u00f6gst upp, bygglov kr\u00e4vs.<\/li>\n<li>Eventuella skattekonsekvenser f\u00f6r terrasser utredd (inga olagliga skattekonsekvenser med dagens uppl\u00e4gg)<\/li>\n<li>Hyresf\u00f6rhandlingarna forts\u00e4tter<\/li>\n<li>D\u00e5 anbuden f\u00f6r \u00f6vernattningslokal och bastu\/relax i kombination \u00f6verstiger budgeten beslutas att vi g\u00f6r i ordning bastun f\u00f6rst och \u00f6vernattningslokalen troligtvis blir f\u00f6rem\u00e5l f\u00f6r n\u00e4sta \u00e5rs budget.<\/li>\n<li>\u00d6ppet hus st\u00e4lls in ocks\u00e5 i maj pga r\u00e5dande Corona-situation.<\/li>\n<li>Beslutas att anta inkommet anbud f\u00f6r Energikartl\u00e4ggning<\/li>\n<li>Det har b\u00f6rjat st\u00e4llas m\u00e5nga barnvagnar och cyklar i trappuppg\u00e5ngarna vilket inte \u00e4r OK ur brandskyddssynpunkt; inl\u00e4gg p\u00e5 bloggen om detta.<\/li>\n<li>Vi h\u00e4lsar nya medlemmar v\u00e4lkomna i 17 H!<\/li>\n<\/ul>\n","protected":false},"excerpt":{"rendered":"<p>Ekonomin ser \u00e4n s\u00e5 l\u00e4nge bra ut. M\u00f6jliga alternativ f\u00f6r st\u00e4mman: Alt 1. I kyrkan, max 50 personer Alt 2. Utomhus 15-g\u00e5rden Alt 3. Ajournera st\u00e4mman Postr\u00f6stning m\u00f6jlig? Beh\u00f6ver vara tydligt hur det ska g\u00e5 till F\u00f6rtydliga att endast en representant fr\u00e5n varje hush\u00e5ll deltar fysiskt \u00c5rsredovisningen f\u00f6r 2019 har lagts upp p\u00e5 hemsidan. Beslutar &hellip; <\/p>\n<p><a class=\"more-link btn\" href=\"https:\/\/riddaren24.se\/?p=4923\">Forts\u00e4tt l\u00e4sa<\/a><\/p>\n","protected":false},"author":13,"featured_media":0,"comment_status":"closed","ping_status":"closed","sticky":false,"template":"","format":"standard","meta":{"footnotes":""},"categories":[1,21],"tags":[],"class_list":["post-4923","post","type-post","status-publish","format-standard","hentry","category-okategoriserade","category-styrelsemote","item-wrap"],"_links":{"self":[{"href":"https:\/\/riddaren24.se\/index.php?rest_route=\/wp\/v2\/posts\/4923","targetHints":{"allow":["GET"]}}],"collection":[{"href":"https:\/\/riddaren24.se\/index.php?rest_route=\/wp\/v2\/posts"}],"about":[{"href":"https:\/\/riddaren24.se\/index.php?rest_route=\/wp\/v2\/types\/post"}],"author":[{"embeddable":true,"href":"https:\/\/riddaren24.se\/index.php?rest_route=\/wp\/v2\/users\/13"}],"replies":[{"embeddable":true,"href":"https:\/\/riddaren24.se\/index.php?rest_route=%2Fwp%2Fv2%2Fcomments&post=4923"}],"version-history":[{"count":2,"href":"https:\/\/riddaren24.se\/index.php?rest_route=\/wp\/v2\/posts\/4923\/revisions"}],"predecessor-version":[{"id":4925,"href":"https:\/\/riddaren24.se\/index.php?rest_route=\/wp\/v2\/posts\/4923\/revisions\/4925"}],"wp:attachment":[{"href":"https:\/\/riddaren24.se\/index.php?rest_route=%2Fwp%2Fv2%2Fmedia&parent=4923"}],"wp:term":[{"taxonomy":"category","embeddable":true,"href":"https:\/\/riddaren24.se\/index.php?rest_route=%2Fwp%2Fv2%2Fcategories&post=4923"},{"taxonomy":"post_tag","embeddable":true,"href":"https:\/\/riddaren24.se\/index.php?rest_route=%2Fwp%2Fv2%2Ftags&post=4923"}],"curies":[{"name":"wp","href":"https:\/\/api.w.org\/{rel}","templated":true}]}}