{"id":4900,"date":"2020-04-13T00:35:15","date_gmt":"2020-04-12T22:35:15","guid":{"rendered":"http:\/\/riddaren24.se\/?p=4900"},"modified":"2020-04-13T00:35:15","modified_gmt":"2020-04-12T22:35:15","slug":"information-fran-styrelsemotet-200318","status":"publish","type":"post","link":"https:\/\/riddaren24.se\/?p=4900","title":{"rendered":"Information fr\u00e5n styrelsem\u00f6tet 200318"},"content":{"rendered":"<p>&nbsp;<\/p>\n<ul style=\"margin-left: .375in; direction: ltr; unicode-bidi: embed; margin-top: 0in; margin-bottom: 0in;\" type=\"disc\">\n<li style=\"margin-top: 0; margin-bottom: 0; vertical-align: middle;\"><span style=\"font-family: Calibri; font-size: 11.0pt;\">Beslutade att st\u00e4mman skjuts upp till slutet av maj<\/span><\/li>\n<li style=\"margin-top: 0; margin-bottom: 0; vertical-align: middle;\"><span style=\"font-family: Calibri; font-size: 11.0pt;\">Senast 12 maj ska \u00e5rsredovisningen finnas tillg\u00e4nglig f\u00f6r medlemmarna, m\u00e5let \u00e4r att tillg\u00e4ngligg\u00f6ra den innan dess<\/span><\/li>\n<li style=\"margin-top: 0; margin-bottom: 0; vertical-align: middle;\"><span style=\"font-family: Calibri; font-size: 11.0pt;\">Nya cykelst\u00e4llen som best\u00e4llts till torget har nu kommit upp<\/span><\/li>\n<li style=\"margin-top: 0; margin-bottom: 0; vertical-align: middle;\"><span style=\"font-family: Calibri; font-size: 11.0pt;\">Kamera- och r\u00f6kf\u00f6rbudsskyltar kommer s\u00e4ttas upp<\/span><\/li>\n<li style=\"margin-top: 0; margin-bottom: 0; vertical-align: middle;\"><span style=\"font-family: Calibri; font-size: 11.0pt;\">Fukt tr\u00e4nger ner fr\u00e5n skyddsrumsventilationskanalerna, kommer att \u00e5tg\u00e4rdas<\/span><\/li>\n<li style=\"margin-top: 0; margin-bottom: 0; vertical-align: middle;\"><span style=\"font-family: Calibri; font-size: 11.0pt;\">Verkar som att l\u00e5set till tv\u00e4ttstugan i 15 C st\u00e4ngs av redan 21.45 vilket \u00e4r f\u00f6r tidigt; Fastighets\u00e4garna tittar p\u00e5 detta<\/span><\/li>\n<li style=\"margin-top: 0; margin-bottom: 0; vertical-align: middle;\"><span style=\"font-family: Calibri; font-size: 11.0pt;\">OVK klar, v\u00e4ntar nu p\u00e5 slutprotokollet<\/span><\/li>\n<li style=\"margin-top: 0; margin-bottom: 0; vertical-align: middle;\"><span style=\"font-family: Calibri; font-size: 11.0pt;\">R\u00f6ranalysen f\u00f6r avloppsr\u00f6ren i k\u00e4llaren klar; kommer inte beh\u00f6va \u00e5tg\u00e4rdas i \u00e5r<\/span><\/li>\n<li style=\"margin-top: 0; margin-bottom: 0; vertical-align: middle;\"><span style=\"font-family: Calibri; font-size: 11.0pt;\">Vi kommer g\u00f6ra en 3-m\u00e5nadersinsats med ut\u00f6kad rondering mot parkering p\u00e5 torget\/g\u00e5rdarna<\/span><\/li>\n<li style=\"margin-top: 0; margin-bottom: 0; vertical-align: middle;\"><span style=\"font-family: Calibri; font-size: 11.0pt;\">Godk\u00e4nnande fr\u00e5n MSB avseende skyddsrummen har kommit<\/span><\/li>\n<li style=\"margin-top: 0; margin-bottom: 0; vertical-align: middle;\"><span style=\"font-family: Calibri; font-size: 11.0pt;\">Garanti\u00e5tg\u00e4rderna f\u00f6r f\u00f6nstren \u00e4r pausade pga Corona-situationen<\/span><\/li>\n<li style=\"margin-top: 0; margin-bottom: 0; vertical-align: middle;\"><span style=\"font-family: Calibri; font-size: 11.0pt;\">B\u00e5de hissrenoveringarna och g\u00e5rdsrenoveringen f\u00f6rv\u00e4ntas forts\u00e4tta som planerat<\/span><\/li>\n<li style=\"margin-top: 0; margin-bottom: 0; vertical-align: middle;\"><span style=\"font-family: Calibri; font-size: 11.0pt;\">Vad g\u00e4ller fiberprojektet v\u00e4ntar vi fortfarande p\u00e5 vidare prisinformation fr\u00e5n Com Hem innan vi forts\u00e4tter<\/span><\/li>\n<li style=\"margin-top: 0; margin-bottom: 0; vertical-align: middle;\"><span style=\"font-family: Calibri; font-size: 11.0pt;\">Togs beslut om ny belysning till 17-g\u00e5rden, l\u00e4ggs upp p\u00e5 hemsidan<\/span><\/li>\n<li style=\"margin-top: 0; margin-bottom: 0; vertical-align: middle;\"><span style=\"font-family: Calibri; font-size: 11.0pt;\">Grupp har bildats f\u00f6r renoveringen av 15-g\u00e5rden, kommer ta in f\u00f6rslag fr\u00e5n boende i 15-huset<\/span><\/li>\n<li style=\"margin-top: 0; margin-bottom: 0; vertical-align: middle;\"><span style=\"font-family: Calibri; font-size: 11.0pt;\">Beslutas att l\u00e4gga upp ett anslag p\u00e5 bloggen f\u00f6r att se om det finns intresse att bilda en grupp f\u00f6r torgrenoveringen<\/span><\/li>\n<li style=\"margin-top: 0; margin-bottom: 0; vertical-align: middle;\"><span style=\"font-family: Calibri; font-size: 11.0pt;\">Vi har f\u00e5tt f\u00f6rslag p\u00e5 olika scenarios f\u00f6r garaget, kommer ocks\u00e5 komma ytterligare f\u00f6rslag kring den b\u00e4sta v\u00e4gen<\/span><\/li>\n<li style=\"margin-top: 0; margin-bottom: 0; vertical-align: middle;\"><span style=\"font-family: Calibri; font-size: 11.0pt;\">F\u00f6rfr\u00e5gan p\u00e5 offerter f\u00f6r \u00f6vernattningsl\u00e4genhet och bastu har skickats ut<\/span><\/li>\n<li style=\"margin-top: 0; margin-bottom: 0; vertical-align: middle;\"><span style=\"font-family: Calibri; font-size: 11.0pt;\">Beslut att b\u00f6rja titta p\u00e5 m\u00f6jligheten att omvandla vissa lokaler till l\u00e4genheter, om m\u00f6jligt kan man sedan r\u00e4kna p\u00e5 om det l\u00f6nar sig<\/span><\/li>\n<li style=\"margin-top: 0; margin-bottom: 0; vertical-align: middle;\"><span style=\"font-family: Calibri; font-size: 11.0pt;\">Vi h\u00e4lsar nya boende v\u00e4lkomna i 17 J och 15 E<\/span><\/li>\n<\/ul>\n","protected":false},"excerpt":{"rendered":"<p>&nbsp; Beslutade att st\u00e4mman skjuts upp till slutet av maj Senast 12 maj ska \u00e5rsredovisningen finnas tillg\u00e4nglig f\u00f6r medlemmarna, m\u00e5let \u00e4r att tillg\u00e4ngligg\u00f6ra den innan dess Nya cykelst\u00e4llen som best\u00e4llts till torget har nu kommit upp Kamera- och r\u00f6kf\u00f6rbudsskyltar kommer s\u00e4ttas upp Fukt tr\u00e4nger ner fr\u00e5n skyddsrumsventilationskanalerna, kommer att \u00e5tg\u00e4rdas Verkar som att l\u00e5set till &hellip; <\/p>\n<p><a class=\"more-link btn\" href=\"https:\/\/riddaren24.se\/?p=4900\">Forts\u00e4tt l\u00e4sa<\/a><\/p>\n","protected":false},"author":13,"featured_media":0,"comment_status":"closed","ping_status":"closed","sticky":false,"template":"","format":"standard","meta":{"footnotes":""},"categories":[21],"tags":[],"class_list":["post-4900","post","type-post","status-publish","format-standard","hentry","category-styrelsemote","item-wrap"],"_links":{"self":[{"href":"https:\/\/riddaren24.se\/index.php?rest_route=\/wp\/v2\/posts\/4900","targetHints":{"allow":["GET"]}}],"collection":[{"href":"https:\/\/riddaren24.se\/index.php?rest_route=\/wp\/v2\/posts"}],"about":[{"href":"https:\/\/riddaren24.se\/index.php?rest_route=\/wp\/v2\/types\/post"}],"author":[{"embeddable":true,"href":"https:\/\/riddaren24.se\/index.php?rest_route=\/wp\/v2\/users\/13"}],"replies":[{"embeddable":true,"href":"https:\/\/riddaren24.se\/index.php?rest_route=%2Fwp%2Fv2%2Fcomments&post=4900"}],"version-history":[{"count":2,"href":"https:\/\/riddaren24.se\/index.php?rest_route=\/wp\/v2\/posts\/4900\/revisions"}],"predecessor-version":[{"id":4902,"href":"https:\/\/riddaren24.se\/index.php?rest_route=\/wp\/v2\/posts\/4900\/revisions\/4902"}],"wp:attachment":[{"href":"https:\/\/riddaren24.se\/index.php?rest_route=%2Fwp%2Fv2%2Fmedia&parent=4900"}],"wp:term":[{"taxonomy":"category","embeddable":true,"href":"https:\/\/riddaren24.se\/index.php?rest_route=%2Fwp%2Fv2%2Fcategories&post=4900"},{"taxonomy":"post_tag","embeddable":true,"href":"https:\/\/riddaren24.se\/index.php?rest_route=%2Fwp%2Fv2%2Ftags&post=4900"}],"curies":[{"name":"wp","href":"https:\/\/api.w.org\/{rel}","templated":true}]}}