{"id":4852,"date":"2020-02-26T00:57:48","date_gmt":"2020-02-25T22:57:48","guid":{"rendered":"http:\/\/riddaren24.se\/?p=4852"},"modified":"2020-02-27T23:06:54","modified_gmt":"2020-02-27T21:06:54","slug":"information-fran-styrelsemoten-20-01-21-och-20-02-11","status":"publish","type":"post","link":"https:\/\/riddaren24.se\/?p=4852","title":{"rendered":"Information fr\u00e5n styrelsem\u00f6ten 20-01-21 och 20-02-11"},"content":{"rendered":"<p>&nbsp;<\/p>\n<p style=\"margin: 0in; font-family: Calibri; font-size: 11.0pt;\">H\u00e4r kommer information fr\u00e5n de tv\u00e5 senaste styrelsem\u00f6tena styrelsen haft (inklusive l\u00e4nk till resultatet av fiber-enk\u00e4ten, hittas ocks\u00e5 under Aktuella projekt):<\/p>\n<ul>\n<li style=\"margin: 0in; font-family: Calibri; font-size: 11.0pt;\">\u00c5rsm\u00f6te 22 april, Norrmalmskyrkan \u00e4r bokad<\/li>\n<li style=\"margin: 0in; font-family: Calibri; font-size: 11.0pt;\">Resultatet f\u00f6re avskrivningarna f\u00f6r 2019 \u00e4r lite b\u00e4ttre \u00e4n budgeterat.<\/li>\n<li style=\"margin: 0in; font-family: Calibri; font-size: 11.0pt;\">Vi kommer beh\u00f6va byta ut en del gamla fl\u00e4ktar (ej budgeterat f\u00f6r)<\/li>\n<li style=\"margin: 0in; font-family: Calibri; font-size: 11.0pt;\">Bygglov klart f\u00f6r ny d\u00f6rr till styrelselokalen s\u00e5 att den kan delas av i \u00f6vernattningsl\u00e4genhet + styrelselokal.<\/li>\n<li style=\"margin: 0in; font-family: Calibri; font-size: 11.0pt;\">F\u00f6rfr\u00e5gningsunderlag p\u00e5 ombyggnaden av styrelserummet har skickats till entrepren\u00f6rer.<\/li>\n<li style=\"margin: 0in; font-family: Calibri; font-size: 11.0pt;\">Kontakt har etablerats med brandskyddsinspekt\u00f6ren ang\u00e5ende brandskyddscertifikat f\u00f6r bastu.<\/li>\n<li style=\"margin: 0in; font-family: Calibri; font-size: 11.0pt;\">Den nya d\u00f6rr som beh\u00f6vs f\u00f6r att kunna anv\u00e4nda t\u00e4nkt utrymme till snickarrum \u00e4r best\u00e4lld.<\/li>\n<li style=\"margin: 0in; font-family: Calibri; font-size: 11.0pt;\">De installerade giljotinerna i avloppsr\u00f6ren har gett effekt och m\u00e5nga r\u00e5ttor inf\u00e5ngade<\/li>\n<li style=\"margin: 0in; font-family: Calibri; font-size: 11.0pt;\">Hissrenoveringarna forts\u00e4tter enligt plan, den restlista som fanns p\u00e5 hissarna som renoverades f\u00f6rra \u00e5ret \u00e4r i stort sett \u00e5tg\u00e4rdad.<\/li>\n<li style=\"margin: 0in; font-family: Calibri; font-size: 11.0pt;\">Ett f\u00f6rsta resultat av fiberenk\u00e4ten finns klart,\u00a0<a href=\"http:\/\/riddaren24.se\/?page_id=4857\">l\u00e4nk h\u00e4r,<\/a> sena svar har ej hunnit sammanst\u00e4llas. Punkten fiber \u00e4r under utredning f\u00f6r att diskutera kapacitet och investeringskostnad f\u00f6r detta<\/li>\n<li style=\"margin: 0in; font-family: Calibri; font-size: 11.0pt;\">Internetavtalet med Com Hem har sagts upp enligt tidigare plan f\u00f6r att m\u00f6jligg\u00f6ra omf\u00f6rhandling.<\/li>\n<li style=\"margin: 0in; font-family: Calibri; font-size: 11.0pt;\">Det har varit inbrott i ett av f\u00f6rr\u00e5den som h\u00f6r till skyddsrummen och verktyg har stulits d\u00e4rifr\u00e5n. Polisanm\u00e4lt; \u00e5tg\u00e4rdat med ny d\u00f6rr samt nytt material.<\/li>\n<li style=\"margin: 0in; font-family: Calibri; font-size: 11.0pt;\">Beslutat att se \u00f6ver framtida ekonomisk f\u00f6rvaltare, inklusive m\u00f6jligheten att forts\u00e4tta med RBEkonomi. Omf\u00f6rhandling av avtal med RB ekonomi och f\u00f6rhandling med ytterligare leverant\u00f6rer av denna tj\u00e4nst.<\/li>\n<li style=\"margin: 0in; font-family: Calibri; font-size: 11.0pt;\">Ser \u00f6ver ny belysning till portarna, med planen att prova olika armaturer i en port f\u00f6r att se vad som funkar b\u00e4st innan det best\u00e4lls till alla.<\/li>\n<li style=\"margin: 0in; font-family: Calibri; font-size: 11.0pt;\">Nya cykelst\u00e4ll \u00e4r best\u00e4llda till att st\u00e5 utanf\u00f6r Micasa (17 D och E)<\/li>\n<li style=\"margin: 0in; font-family: Calibri; font-size: 11.0pt;\">Cyklar inne p\u00e5 17-g\u00e5rden beh\u00f6ver flyttas innan g\u00e5rdsrenoveringen kan b\u00f6rja. De cyklar som inte flyttats innan renoveringen kommer tas om hand och flyttas till f\u00f6rvaringsplatser vid start.<\/li>\n<li style=\"margin: 0in; font-family: Calibri; font-size: 11.0pt;\">F\u00f6rslag p\u00e5 upprustning av 15-g\u00e5rden har inkommit, ligger \u00f6ver budget och beh\u00f6ver ses \u00f6ver. Referensgrupp f\u00f6r 15-g\u00e5rden ska startas upp.<\/li>\n<li style=\"margin: 0in; font-family: Calibri; font-size: 11.0pt;\">Det \u00e4r sv\u00e5rt att f\u00e5 respons fr\u00e5n Micasa och Svenska Bost\u00e4der f\u00f6r att prata om utveckling av torget, beslutas att forts\u00e4tta utan input fr\u00e5n dem s\u00e5 l\u00e4nge.<\/li>\n<li style=\"margin: 0in; font-family: Calibri; font-size: 11.0pt;\">Det blev ett driftstopp i larmet p\u00e5 ett par veckor pga att larmcentralen gjorde ett serverskifte, f\u00f6reningen kommer f\u00e5 kompensation f\u00f6r detta.<\/li>\n<li style=\"margin: 0in; font-family: Calibri; font-size: 11.0pt;\">Beslutar att s\u00e4tta upp nya skyltar som tydligare informerar om kamera\u00f6vervakning.<\/li>\n<li style=\"margin: 0in; font-family: Calibri; font-size: 11.0pt;\">Plan f\u00f6r att alla cylindrar som fortfarande anv\u00e4nder fastighetsnyckel ska bytas ut mot iLoq, offert tas in f\u00f6r detta.<\/li>\n<li style=\"margin: 0in; font-family: Calibri; font-size: 11.0pt;\">Grannf\u00f6reningar har haft problem med att l\u00e4genheter som hyrts ut i andra hand har anv\u00e4nts f\u00f6r Airbnb och trafficking, vi tittar p\u00e5 hur man kan minska risken f\u00f6r detta i v\u00e5r f\u00f6rening.<\/li>\n<\/ul>\n<p style=\"margin: 0in; font-family: Calibri; font-size: 11.0pt;\">Vi h\u00e4lsar nya medlemmar v\u00e4lkomna i 17 A och 17 J!<\/p>\n","protected":false},"excerpt":{"rendered":"<p>&nbsp; H\u00e4r kommer information fr\u00e5n de tv\u00e5 senaste styrelsem\u00f6tena styrelsen haft (inklusive l\u00e4nk till resultatet av fiber-enk\u00e4ten, hittas ocks\u00e5 under Aktuella projekt): \u00c5rsm\u00f6te 22 april, Norrmalmskyrkan \u00e4r bokad Resultatet f\u00f6re avskrivningarna f\u00f6r 2019 \u00e4r lite b\u00e4ttre \u00e4n budgeterat. Vi kommer beh\u00f6va byta ut en del gamla fl\u00e4ktar (ej budgeterat f\u00f6r) Bygglov klart f\u00f6r ny d\u00f6rr &hellip; <\/p>\n<p><a class=\"more-link btn\" href=\"https:\/\/riddaren24.se\/?p=4852\">Forts\u00e4tt l\u00e4sa<\/a><\/p>\n","protected":false},"author":13,"featured_media":0,"comment_status":"closed","ping_status":"closed","sticky":false,"template":"","format":"standard","meta":{"footnotes":""},"categories":[1,21],"tags":[],"class_list":["post-4852","post","type-post","status-publish","format-standard","hentry","category-okategoriserade","category-styrelsemote","item-wrap"],"_links":{"self":[{"href":"https:\/\/riddaren24.se\/index.php?rest_route=\/wp\/v2\/posts\/4852","targetHints":{"allow":["GET"]}}],"collection":[{"href":"https:\/\/riddaren24.se\/index.php?rest_route=\/wp\/v2\/posts"}],"about":[{"href":"https:\/\/riddaren24.se\/index.php?rest_route=\/wp\/v2\/types\/post"}],"author":[{"embeddable":true,"href":"https:\/\/riddaren24.se\/index.php?rest_route=\/wp\/v2\/users\/13"}],"replies":[{"embeddable":true,"href":"https:\/\/riddaren24.se\/index.php?rest_route=%2Fwp%2Fv2%2Fcomments&post=4852"}],"version-history":[{"count":4,"href":"https:\/\/riddaren24.se\/index.php?rest_route=\/wp\/v2\/posts\/4852\/revisions"}],"predecessor-version":[{"id":4870,"href":"https:\/\/riddaren24.se\/index.php?rest_route=\/wp\/v2\/posts\/4852\/revisions\/4870"}],"wp:attachment":[{"href":"https:\/\/riddaren24.se\/index.php?rest_route=%2Fwp%2Fv2%2Fmedia&parent=4852"}],"wp:term":[{"taxonomy":"category","embeddable":true,"href":"https:\/\/riddaren24.se\/index.php?rest_route=%2Fwp%2Fv2%2Fcategories&post=4852"},{"taxonomy":"post_tag","embeddable":true,"href":"https:\/\/riddaren24.se\/index.php?rest_route=%2Fwp%2Fv2%2Ftags&post=4852"}],"curies":[{"name":"wp","href":"https:\/\/api.w.org\/{rel}","templated":true}]}}