{"id":4770,"date":"2019-10-29T11:57:09","date_gmt":"2019-10-29T09:57:09","guid":{"rendered":"http:\/\/riddaren24.se\/?p=4770"},"modified":"2019-10-29T11:59:18","modified_gmt":"2019-10-29T09:59:18","slug":"information-fran-styrelsemote-19-10-23","status":"publish","type":"post","link":"https:\/\/riddaren24.se\/?p=4770","title":{"rendered":"Information fr\u00e5n styrelsem\u00f6te 19-10-23"},"content":{"rendered":"<p>&nbsp;<\/p>\n<ul>\n<li>F\u00f6reningens julmingel \u00e4ger rum 14 december, kl 15-18.<\/li>\n<li>Budgetarbetet inf\u00f6r n\u00e4sta \u00e5r har p\u00e5b\u00f6rjats<\/li>\n<li>\u00d6kad budget f\u00f6r renoveringen av 17-g\u00e5rden tas med i budgetarbetet<\/li>\n<li>17-g\u00e5rden kommer renoveras under n\u00e4sta \u00e5r, planerat att leverant\u00f6r kontrakteras i \u00e5r<\/li>\n<li>Hanteringen av grovsopor m\u00e5ste upphandlas till en av kommunen godk\u00e4nd leverant\u00f6r<\/li>\n<li>Hissprojektet fortg\u00e5r enligt plan och budget. Tidplan f\u00f6r n\u00e4sta halv\u00e5r publiceras p\u00e5 hemsidan.<\/li>\n<li>Vi forts\u00e4tter se \u00f6ver fiber-\/bredbandsl\u00f6sningar till fastigheten<\/li>\n<li>Almen p\u00e5 15-g\u00e5rden tas ner 3-4 december. Tr\u00e4d\u00e4cket byggs inte upp nu d\u00e5 15-g\u00e5rden som helhet kommer ses \u00f6ver n\u00e4sta \u00e5r.<\/li>\n<li>F\u00f6r att f\u00e5 b\u00e4ttre koll runt uthyrning av lokaler fram\u00f6ver ser vi \u00f6ver s\u00e4ttet att arbeta p\u00e5 med en utpekad ansvarig fr\u00e5n styrelsen<\/li>\n<li>Porttelefonen vid grinden i mitten av 15-huset, mot torget, har nu blivit installerad<\/li>\n<li>Vi pratar med f\u00f6reningens revisor och en jurist ang\u00e5ende en synpunkt revisorn har vad g\u00e4ller terrasser och underh\u00e5ll\/andelstal. Kommer sedan tas upp p\u00e5 \u00e5rsm\u00f6te n\u00e4r vi har mer information.<\/li>\n<li>Installationen av alla kameror \u00e4r klar, systemet f\u00f6r kamera\u00f6vervakningen h\u00e5ller p\u00e5 att installeras och allt ber\u00e4knas tas i bruk under november<\/li>\n<li>iLoq-installationen p\u00e5g\u00e5r, medlemmarna kommer kunna kvittera ut sina nycklar och byta ut sina Aptus-brickor under 4 tillf\u00e4llen i december<\/li>\n<li>N\u00e4sta \u00d6ppet Hus (4 november) kommer handla om information kring iLoq, utbyte av alla Aptus-brickor etc.<\/li>\n<li>Vi h\u00e4lsar nya medlemmar i 15 E, 17 A, 17 B och 17 D v\u00e4lkomna!<\/li>\n<\/ul>\n","protected":false},"excerpt":{"rendered":"<p>&nbsp; F\u00f6reningens julmingel \u00e4ger rum 14 december, kl 15-18. Budgetarbetet inf\u00f6r n\u00e4sta \u00e5r har p\u00e5b\u00f6rjats \u00d6kad budget f\u00f6r renoveringen av 17-g\u00e5rden tas med i budgetarbetet 17-g\u00e5rden kommer renoveras under n\u00e4sta \u00e5r, planerat att leverant\u00f6r kontrakteras i \u00e5r Hanteringen av grovsopor m\u00e5ste upphandlas till en av kommunen godk\u00e4nd leverant\u00f6r Hissprojektet fortg\u00e5r enligt plan och budget. Tidplan &hellip; <\/p>\n<p><a class=\"more-link btn\" href=\"https:\/\/riddaren24.se\/?p=4770\">Forts\u00e4tt l\u00e4sa<\/a><\/p>\n","protected":false},"author":13,"featured_media":0,"comment_status":"closed","ping_status":"closed","sticky":false,"template":"","format":"standard","meta":{"footnotes":""},"categories":[21],"tags":[],"class_list":["post-4770","post","type-post","status-publish","format-standard","hentry","category-styrelsemote","item-wrap"],"_links":{"self":[{"href":"https:\/\/riddaren24.se\/index.php?rest_route=\/wp\/v2\/posts\/4770","targetHints":{"allow":["GET"]}}],"collection":[{"href":"https:\/\/riddaren24.se\/index.php?rest_route=\/wp\/v2\/posts"}],"about":[{"href":"https:\/\/riddaren24.se\/index.php?rest_route=\/wp\/v2\/types\/post"}],"author":[{"embeddable":true,"href":"https:\/\/riddaren24.se\/index.php?rest_route=\/wp\/v2\/users\/13"}],"replies":[{"embeddable":true,"href":"https:\/\/riddaren24.se\/index.php?rest_route=%2Fwp%2Fv2%2Fcomments&post=4770"}],"version-history":[{"count":1,"href":"https:\/\/riddaren24.se\/index.php?rest_route=\/wp\/v2\/posts\/4770\/revisions"}],"predecessor-version":[{"id":4771,"href":"https:\/\/riddaren24.se\/index.php?rest_route=\/wp\/v2\/posts\/4770\/revisions\/4771"}],"wp:attachment":[{"href":"https:\/\/riddaren24.se\/index.php?rest_route=%2Fwp%2Fv2%2Fmedia&parent=4770"}],"wp:term":[{"taxonomy":"category","embeddable":true,"href":"https:\/\/riddaren24.se\/index.php?rest_route=%2Fwp%2Fv2%2Fcategories&post=4770"},{"taxonomy":"post_tag","embeddable":true,"href":"https:\/\/riddaren24.se\/index.php?rest_route=%2Fwp%2Fv2%2Ftags&post=4770"}],"curies":[{"name":"wp","href":"https:\/\/api.w.org\/{rel}","templated":true}]}}