{"id":4747,"date":"2019-10-14T22:32:13","date_gmt":"2019-10-14T20:32:13","guid":{"rendered":"http:\/\/riddaren24.se\/?p=4747"},"modified":"2019-10-14T22:33:40","modified_gmt":"2019-10-14T20:33:40","slug":"uppdatering-kring-trygghetsatgarder-i-vara-fastigheter","status":"publish","type":"post","link":"https:\/\/riddaren24.se\/?p=4747","title":{"rendered":"Uppdatering kring trygghets\u00e5tg\u00e4rder i v\u00e5ra fastigheter"},"content":{"rendered":"<div>\n<div class=\"x_gmail_quote\">\n<div dir=\"ltr\">\n<div>\n<div>\n<p>Vi \u00e4r m\u00e5nga medlemmar i v\u00e5r f\u00f6rening och har ocks\u00e5 m\u00e5nga externa personer och f\u00f6retag som r\u00f6r sig i v\u00e5ra fastigheter. Kombinerat med att v\u00e5rt n\u00e4romr\u00e5de upplevts mer otryggt de senaste \u00e5ren vidtar styrelsen ett antal \u00e5tg\u00e4rder f\u00f6r att \u00f6ka tryggheten f\u00f6r medlemmarna. Nedan f\u00f6ljer en kort uppdatering kring \u00e5tg\u00e4rder, status och tidplan.<\/p>\n<\/div>\n<\/div>\n<\/div>\n<div dir=\"ltr\"><\/div>\n<div dir=\"ltr\">\n<div>\n<div>\n<p><strong><i>Installation av trygghetskameror \u2013 klart oktober<\/i><\/strong><\/p>\n<\/div>\n<\/div>\n<\/div>\n<div dir=\"ltr\">\n<div>\n<div>\n<p>I gemensamma passager installeras trygghetskameror som \u00e4r kopplade till larmcentral. Detta i syfte att f\u00f6rsv\u00e5ra eventuell kriminell aktivitet i de mer avskilda delarna av v\u00e5ra fastigheter och ocks\u00e5 skapa goda utredningsm\u00f6jligheter f\u00f6r r\u00e4ttsv\u00e4sende i h\u00e4ndelse av att kriminell aktivitet \u00e4nd\u00e5 p\u00e5g\u00e5r.<\/p>\n<\/div>\n<\/div>\n<\/div>\n<div dir=\"ltr\"><\/div>\n<div dir=\"ltr\">\n<div>\n<div>\n<p><strong><i>Belysning \u2013 klart november<\/i><\/strong><\/p>\n<\/div>\n<\/div>\n<\/div>\n<div dir=\"ltr\">\n<div>\n<div>\n<p>P\u00e5 m\u00f6rka platser p\u00e5 inneg\u00e5rdar och i direkt n\u00e4romr\u00e5de kommer belysningen f\u00f6rb\u00e4ttras med nya och kompletterande armaturer och anpassad ljusstyrka f\u00f6r att skapa en ljus, men fortsatt trivsam milj\u00f6.<\/p>\n<\/div>\n<\/div>\n<\/div>\n<div dir=\"ltr\"><\/div>\n<div dir=\"ltr\">\n<div>\n<div>\n<p><strong><i>ILoq \u2013 elektroniska l\u00e5s till gemensamma utrymmen \u2013 klart december<\/i>.<\/strong><\/p>\n<\/div>\n<\/div>\n<\/div>\n<div dir=\"ltr\">\n<div>\n<div>\n<p>F\u00f6r gemensamma utrymmen d\u00e4r det idag kr\u00e4vts nyckel f\u00f6r att komma in (t ex in till f\u00f6rr\u00e5dsutrymmen) kommer ILoq installeras. Det inneb\u00e4r att beh\u00f6righeter kan styras p\u00e5 ett enkelt s\u00e4tt f\u00f6r varje nyckel s\u00e5 r\u00e4tt personer har tillg\u00e5ng till r\u00e4tt utrymme utan on\u00f6dig administration. Detta kommer kombineras med utbyte av aptus-brickor.<\/p>\n<\/div>\n<\/div>\n<\/div>\n<div dir=\"ltr\"><\/div>\n<div dir=\"ltr\">\n<div>\n<div>\n<p><strong><i>Utbyte av aptus-brickor \u2013 klart december<\/i><\/strong><\/p>\n<\/div>\n<\/div>\n<\/div>\n<div dir=\"ltr\">\n<div>\n<div>\n<p>F\u00f6r att f\u00e5 en b\u00e4ttre kontroll p\u00e5 vilka personer och f\u00f6retag som har tillg\u00e5ng till v\u00e5ra fastigheter kommer vi starta om alla aptus-brickor. I samband med att man kvitterar ut ILoq-nycklar kommer \u00e4ven nya aptus-brickor att kvitteras ut.<\/p>\n<\/div>\n<\/div>\n<\/div>\n<div dir=\"ltr\"><\/div>\n<div dir=\"ltr\">\n<div>\n<div>\n<p>Mer detaljerad information kommer presenteras p\u00e5 kommande \u00f6ppet hus 4 november. Om det dyker upp fr\u00e5gor innan dess \u00e4r du v\u00e4lkommen att kontakta styrelsen, <a href=\"mailto:styrelsen.riddarsporren24@gmail.com\" target=\"_blank\" rel=\"noopener noreferrer\" data-auth=\"NotApplicable\"> styrelsen.riddarsporren24@gmail.com.<\/a><\/p>\n<\/div>\n<\/div>\n<\/div>\n<\/div>\n<\/div>\n","protected":false},"excerpt":{"rendered":"<p>Vi \u00e4r m\u00e5nga medlemmar i v\u00e5r f\u00f6rening och har ocks\u00e5 m\u00e5nga externa personer och f\u00f6retag som r\u00f6r sig i v\u00e5ra fastigheter. Kombinerat med att v\u00e5rt n\u00e4romr\u00e5de upplevts mer otryggt de senaste \u00e5ren vidtar styrelsen ett antal \u00e5tg\u00e4rder f\u00f6r att \u00f6ka tryggheten f\u00f6r medlemmarna. Nedan f\u00f6ljer en kort uppdatering kring \u00e5tg\u00e4rder, status och tidplan. Installation av &hellip; <\/p>\n<p><a class=\"more-link btn\" href=\"https:\/\/riddaren24.se\/?p=4747\">Forts\u00e4tt l\u00e4sa<\/a><\/p>\n","protected":false},"author":13,"featured_media":0,"comment_status":"closed","ping_status":"closed","sticky":false,"template":"","format":"standard","meta":{"footnotes":""},"categories":[18,22],"tags":[],"class_list":["post-4747","post","type-post","status-publish","format-standard","hentry","category-kommunikation","category-projekt","item-wrap"],"_links":{"self":[{"href":"https:\/\/riddaren24.se\/index.php?rest_route=\/wp\/v2\/posts\/4747","targetHints":{"allow":["GET"]}}],"collection":[{"href":"https:\/\/riddaren24.se\/index.php?rest_route=\/wp\/v2\/posts"}],"about":[{"href":"https:\/\/riddaren24.se\/index.php?rest_route=\/wp\/v2\/types\/post"}],"author":[{"embeddable":true,"href":"https:\/\/riddaren24.se\/index.php?rest_route=\/wp\/v2\/users\/13"}],"replies":[{"embeddable":true,"href":"https:\/\/riddaren24.se\/index.php?rest_route=%2Fwp%2Fv2%2Fcomments&post=4747"}],"version-history":[{"count":2,"href":"https:\/\/riddaren24.se\/index.php?rest_route=\/wp\/v2\/posts\/4747\/revisions"}],"predecessor-version":[{"id":4749,"href":"https:\/\/riddaren24.se\/index.php?rest_route=\/wp\/v2\/posts\/4747\/revisions\/4749"}],"wp:attachment":[{"href":"https:\/\/riddaren24.se\/index.php?rest_route=%2Fwp%2Fv2%2Fmedia&parent=4747"}],"wp:term":[{"taxonomy":"category","embeddable":true,"href":"https:\/\/riddaren24.se\/index.php?rest_route=%2Fwp%2Fv2%2Fcategories&post=4747"},{"taxonomy":"post_tag","embeddable":true,"href":"https:\/\/riddaren24.se\/index.php?rest_route=%2Fwp%2Fv2%2Ftags&post=4747"}],"curies":[{"name":"wp","href":"https:\/\/api.w.org\/{rel}","templated":true}]}}