{"id":4707,"date":"2019-08-31T08:50:44","date_gmt":"2019-08-31T06:50:44","guid":{"rendered":"http:\/\/riddaren24.se\/?p=4707"},"modified":"2019-10-14T22:34:23","modified_gmt":"2019-10-14T20:34:23","slug":"information-fran-styrelsemote-19-08-20","status":"publish","type":"post","link":"https:\/\/riddaren24.se\/?p=4707","title":{"rendered":"Information fr\u00e5n styrelsem\u00f6te 19-08-20"},"content":{"rendered":"<div dir=\"ltr\">\n<div>\n<ul>\n<li>Alternativa f\u00f6rs\u00e4kringsl\u00f6sningar unders\u00f6ks (Vi har Trygg Hansa idag)<\/li>\n<li>Unders\u00f6ker m\u00f6jligheten till amortering p\u00e5 l\u00e5nen<\/li>\n<li>Hissbytena g\u00e5r enligt plan<\/li>\n<li>Unders\u00f6ker m\u00f6jligheterna till att dra in fiber (mer info p\u00e5 \u00d6ppet Hus 2 sept)<\/li>\n<li>Nya underh\u00e5llsplanen \u00e4r nu aktiv<\/li>\n<li>Upphandling av arkitekt inf\u00f6r skapande av en \u00f6vernattningsl\u00e4genhet p\u00e5 17-g\u00e5rden p\u00e5g\u00e5r<\/li>\n<li>Lantm\u00e4teriets arbete kring 3D-bildning av garaget fortskrider<\/li>\n<li>Upphandling av projektledare till g\u00e5rdsrenoveringen 17-g\u00e5rden p\u00e5g\u00e5r<\/li>\n<li>Arbetet med att hitta l\u00e4mplig (och godk\u00e4nd) lokal f\u00f6r snickarrum forts\u00e4tter<\/li>\n<li>Vi kommer f\u00e5 ny fastighetsf\u00f6rvaltare, Anders S\u00e4rnqvist. \u00d6verl\u00e4mning fr\u00e5n Peter Th\u00f6rnblom p\u00e5g\u00e5r.<\/li>\n<li>Anbud har tagits in ang\u00e5ende kamera\u00f6vervakning (mer info p\u00e5 \u00d6ppet Hus 2 sept)<\/li>\n<li>Porttelefon kommer installeras p\u00e5 &#8221;mittengrinden&#8221; p\u00e5 15-huset<\/li>\n<li>Kenova kommer under v38 starta arbetet med att fixa de f\u00f6nster som f\u00e5tt anm\u00e4rkning fr\u00e5n renoveringen<\/li>\n<li>Arbete med att identifiera olovlig andrahandsuthyrning p\u00e5g\u00e5r<\/li>\n<\/ul>\n<\/div>\n<\/div>\n","protected":false},"excerpt":{"rendered":"<p>Alternativa f\u00f6rs\u00e4kringsl\u00f6sningar unders\u00f6ks (Vi har Trygg Hansa idag) Unders\u00f6ker m\u00f6jligheten till amortering p\u00e5 l\u00e5nen Hissbytena g\u00e5r enligt plan Unders\u00f6ker m\u00f6jligheterna till att dra in fiber (mer info p\u00e5 \u00d6ppet Hus 2 sept) Nya underh\u00e5llsplanen \u00e4r nu aktiv Upphandling av arkitekt inf\u00f6r skapande av en \u00f6vernattningsl\u00e4genhet p\u00e5 17-g\u00e5rden p\u00e5g\u00e5r Lantm\u00e4teriets arbete kring 3D-bildning av garaget fortskrider &hellip; <\/p>\n<p><a class=\"more-link btn\" href=\"https:\/\/riddaren24.se\/?p=4707\">Forts\u00e4tt l\u00e4sa<\/a><\/p>\n","protected":false},"author":13,"featured_media":0,"comment_status":"closed","ping_status":"closed","sticky":false,"template":"","format":"standard","meta":{"footnotes":""},"categories":[21],"tags":[],"class_list":["post-4707","post","type-post","status-publish","format-standard","hentry","category-styrelsemote","item-wrap"],"_links":{"self":[{"href":"https:\/\/riddaren24.se\/index.php?rest_route=\/wp\/v2\/posts\/4707","targetHints":{"allow":["GET"]}}],"collection":[{"href":"https:\/\/riddaren24.se\/index.php?rest_route=\/wp\/v2\/posts"}],"about":[{"href":"https:\/\/riddaren24.se\/index.php?rest_route=\/wp\/v2\/types\/post"}],"author":[{"embeddable":true,"href":"https:\/\/riddaren24.se\/index.php?rest_route=\/wp\/v2\/users\/13"}],"replies":[{"embeddable":true,"href":"https:\/\/riddaren24.se\/index.php?rest_route=%2Fwp%2Fv2%2Fcomments&post=4707"}],"version-history":[{"count":1,"href":"https:\/\/riddaren24.se\/index.php?rest_route=\/wp\/v2\/posts\/4707\/revisions"}],"predecessor-version":[{"id":4708,"href":"https:\/\/riddaren24.se\/index.php?rest_route=\/wp\/v2\/posts\/4707\/revisions\/4708"}],"wp:attachment":[{"href":"https:\/\/riddaren24.se\/index.php?rest_route=%2Fwp%2Fv2%2Fmedia&parent=4707"}],"wp:term":[{"taxonomy":"category","embeddable":true,"href":"https:\/\/riddaren24.se\/index.php?rest_route=%2Fwp%2Fv2%2Fcategories&post=4707"},{"taxonomy":"post_tag","embeddable":true,"href":"https:\/\/riddaren24.se\/index.php?rest_route=%2Fwp%2Fv2%2Ftags&post=4707"}],"curies":[{"name":"wp","href":"https:\/\/api.w.org\/{rel}","templated":true}]}}