{"id":4659,"date":"2019-05-15T22:06:56","date_gmt":"2019-05-15T20:06:56","guid":{"rendered":"http:\/\/riddaren24.se\/?p=4659"},"modified":"2019-05-15T22:08:30","modified_gmt":"2019-05-15T20:08:30","slug":"information-fran-styrelsemote-19-05-14","status":"publish","type":"post","link":"https:\/\/riddaren24.se\/?p=4659","title":{"rendered":"Information fr\u00e5n styrelsem\u00f6te 19-05-14"},"content":{"rendered":"<div class=\"\">\n<div class=\"\">.<\/div>\n<div class=\"\"><\/div>\n<div class=\"\"><span class=\"\">Styrelsen har konstituerats:<\/span><\/div>\n<\/div>\n<div class=\"\">\n<ul>\n<li>Bengt-Olow Stroem, Ordf\u00f6rande, 17E<\/li>\n<li>Helena Vilcans, Vice Ordf\u00f6rande samt ekonomi- och finansansvarig, 15D<\/li>\n<li>Aira Nyman, Kass\u00f6r, 17A<\/li>\n<li>Thomas \u00c4lgevik, Ledamot, 17L<\/li>\n<li>Richard Trojmar, Ledamot, 17B<\/li>\n<li>Jan Grevillius, Ledamot, 15E<\/li>\n<li>Cristina Gavell, Suppleant, 17E<\/li>\n<li>Jasmin Ericsson, Suppleant, 17D<\/li>\n<\/ul>\n<\/div>\n<div class=\"\">.<\/div>\n<div class=\"\">\n<div class=\"\"><span class=\"\">OVK &#8211; injustering p\u00e5g\u00e5r och kommer forts\u00e4tta under n\u00e5gra veckor till.<\/span><br class=\"\" \/><span class=\"\"><br class=\"\" \/><\/span><\/div>\n<div class=\"\"><span class=\"\">Hissbyte i 17B startas 20 maj. Stolar kommer st\u00e4llas ut p\u00e5 v\u00e5ningsplanen och tillf\u00e4lliga postboxar kommer finnas under renoveringen.<\/span><br class=\"\" \/><span class=\"\"><br class=\"\" \/><\/span><\/div>\n<div class=\"\"><span class=\"\">Hyresf\u00f6rhandlingarna med hyresg\u00e4stf\u00f6reningen \u00e4r klara, och hyresg\u00e4sterna kommer f\u00e5 justerad hyra fr\u00e5n juni 2019.<\/span><br class=\"\" \/><span class=\"\"><br class=\"\" \/><\/span><\/div>\n<div class=\"\"><span class=\"\">Styrelsen forts\u00e4tter arbetet kring m\u00f6jlighet att bygga \u00f6vernattningsl\u00e4genheter att hyra f\u00f6r f\u00f6reningens medlemmar.<\/span><br class=\"\" \/><span class=\"\"><br class=\"\" \/><\/span><\/div>\n<div class=\"\"><span class=\"\">Beslut att g\u00e5 vidare med uppdaterat f\u00f6rslag (inkl justeringar) till g\u00e5rdsrenovering 17-g\u00e5rden. Detta inneb\u00e4r att anbud nu kommer tas in.<\/span><br class=\"\" \/><span class=\"\"><br class=\"\" \/><\/span><\/div>\n<div class=\"\"><span class=\"\">Vi h\u00e4lsar nya medlemmar i 17 G, K och D v\u00e4lkomna till f\u00f6reningen!<\/span><br class=\"\" \/><span class=\"\"><br class=\"\" \/><\/span><\/div>\n<div class=\"\"><span class=\"\">Det har kommit till styrelsens k\u00e4nnedom att n\u00e5gra l\u00e4genheter uppl\u00e5tes f\u00f6r korttidsuthyrning (genom Airbnb och liknande) utan att tillst\u00e5nd s\u00f6kts vilket strider mot f\u00f6reningens stadgar, vi kommer att se \u00f6ver detta.<\/span><br class=\"\" \/><span class=\"\"><br class=\"\" \/><\/span><\/div>\n<div class=\"\"><span class=\"\">N\u00e4sta \u00d6ppet hus 3 juni, fr\u00e5n kl 18, med bl a ytterligare information om hissrenoveringen samt m\u00f6jlighet att st\u00e4lla fr\u00e5gor kring f\u00f6reningens ekonomi.<\/span><\/div>\n<\/div>\n","protected":false},"excerpt":{"rendered":"<p>. Styrelsen har konstituerats: Bengt-Olow Stroem, Ordf\u00f6rande, 17E Helena Vilcans, Vice Ordf\u00f6rande samt ekonomi- och finansansvarig, 15D Aira Nyman, Kass\u00f6r, 17A Thomas \u00c4lgevik, Ledamot, 17L Richard Trojmar, Ledamot, 17B Jan Grevillius, Ledamot, 15E Cristina Gavell, Suppleant, 17E Jasmin Ericsson, Suppleant, 17D . OVK &#8211; injustering p\u00e5g\u00e5r och kommer forts\u00e4tta under n\u00e5gra veckor till. Hissbyte i &hellip; <\/p>\n<p><a class=\"more-link btn\" href=\"https:\/\/riddaren24.se\/?p=4659\">Forts\u00e4tt l\u00e4sa<\/a><\/p>\n","protected":false},"author":13,"featured_media":0,"comment_status":"closed","ping_status":"closed","sticky":false,"template":"","format":"standard","meta":{"footnotes":""},"categories":[21],"tags":[],"class_list":["post-4659","post","type-post","status-publish","format-standard","hentry","category-styrelsemote","item-wrap"],"_links":{"self":[{"href":"https:\/\/riddaren24.se\/index.php?rest_route=\/wp\/v2\/posts\/4659","targetHints":{"allow":["GET"]}}],"collection":[{"href":"https:\/\/riddaren24.se\/index.php?rest_route=\/wp\/v2\/posts"}],"about":[{"href":"https:\/\/riddaren24.se\/index.php?rest_route=\/wp\/v2\/types\/post"}],"author":[{"embeddable":true,"href":"https:\/\/riddaren24.se\/index.php?rest_route=\/wp\/v2\/users\/13"}],"replies":[{"embeddable":true,"href":"https:\/\/riddaren24.se\/index.php?rest_route=%2Fwp%2Fv2%2Fcomments&post=4659"}],"version-history":[{"count":6,"href":"https:\/\/riddaren24.se\/index.php?rest_route=\/wp\/v2\/posts\/4659\/revisions"}],"predecessor-version":[{"id":4665,"href":"https:\/\/riddaren24.se\/index.php?rest_route=\/wp\/v2\/posts\/4659\/revisions\/4665"}],"wp:attachment":[{"href":"https:\/\/riddaren24.se\/index.php?rest_route=%2Fwp%2Fv2%2Fmedia&parent=4659"}],"wp:term":[{"taxonomy":"category","embeddable":true,"href":"https:\/\/riddaren24.se\/index.php?rest_route=%2Fwp%2Fv2%2Fcategories&post=4659"},{"taxonomy":"post_tag","embeddable":true,"href":"https:\/\/riddaren24.se\/index.php?rest_route=%2Fwp%2Fv2%2Ftags&post=4659"}],"curies":[{"name":"wp","href":"https:\/\/api.w.org\/{rel}","templated":true}]}}