{"id":4647,"date":"2019-05-11T17:07:19","date_gmt":"2019-05-11T15:07:19","guid":{"rendered":"http:\/\/riddaren24.se\/?p=4647"},"modified":"2019-05-11T17:07:19","modified_gmt":"2019-05-11T15:07:19","slug":"information-om-trad-pa-gardarna","status":"publish","type":"post","link":"https:\/\/riddaren24.se\/?p=4647","title":{"rendered":"Information om tr\u00e4d p\u00e5 g\u00e5rdarna"},"content":{"rendered":"<p><strong>Pilen p\u00e5 17-g\u00e5rden<\/strong><\/p>\n<p>Pilen p\u00e5 17-g\u00e5rden har kraftiga angrepp av eldticka (r\u00f6tsvamp) och r\u00f6tterna sprider sig ned\u00e5t och \u00e5t sidorna, vilket g\u00f6r att det m\u00e5ste tas ner. Arboristen kommer nu p\u00e5 tisdag (14\/5) n\u00e5gon g\u00e5ng under dagen och tar ner tr\u00e4det. <strong>Cyklarna som \u00e4r parkerade under tr\u00e4det kommer beh\u00f6va\u00a0st\u00e5 p\u00e5 annan plats under\u00a0tisdagen<\/strong>. S\u00e5 om du vet med dig att din cykel st\u00e5r d\u00e4r, flytta den g\u00e4rna till ett cykelrum eller det nya cykelst\u00e4llet mellan 15 och 17 g\u00e5rdarna.<\/p>\n<p>&nbsp;<\/p>\n<p><strong>Almen p\u00e5 15-g\u00e5rden<\/strong><\/p>\n<p>Som m\u00e5nga sett finns det d\u00f6da grenar i almen p\u00e5 15-g\u00e5rden och en arborist har unders\u00f6kt\u00a0vad detta kan bero p\u00e5 och om det f\u00f6religger n\u00e5gon fara med d\u00f6da grenar som kan trilla ner. Arboristen tror det kan vara almsjukan och i s\u00e5 fall kan det bli ett ganska snabbt f\u00f6rlopp och det finns i dagsl\u00e4get inget som kan stoppa detta. H\u00e5llfastheten \u00e4r god \u00e4ven i stora, d\u00f6da grenar s\u00e5 de kommer sitta kvar tills vidare, dock finns det n\u00e5gra mindre l\u00f6sa grenar \u00f6ver lekytan som vi kommer ta ner. Vi f\u00e5r se hur det utvecklas under sommaren och kommer ta beslut om vidare \u00e5tg\u00e4rder n\u00e4r vi ser om l\u00e4get f\u00f6r\u00e4ndrats.<\/p>\n<p>&nbsp;<\/p>\n","protected":false},"excerpt":{"rendered":"<p>Pilen p\u00e5 17-g\u00e5rden Pilen p\u00e5 17-g\u00e5rden har kraftiga angrepp av eldticka (r\u00f6tsvamp) och r\u00f6tterna sprider sig ned\u00e5t och \u00e5t sidorna, vilket g\u00f6r att det m\u00e5ste tas ner. Arboristen kommer nu p\u00e5 tisdag (14\/5) n\u00e5gon g\u00e5ng under dagen och tar ner tr\u00e4det. Cyklarna som \u00e4r parkerade under tr\u00e4det kommer beh\u00f6va\u00a0st\u00e5 p\u00e5 annan plats under\u00a0tisdagen. S\u00e5 om &hellip; <\/p>\n<p><a class=\"more-link btn\" href=\"https:\/\/riddaren24.se\/?p=4647\">Forts\u00e4tt l\u00e4sa<\/a><\/p>\n","protected":false},"author":6,"featured_media":0,"comment_status":"closed","ping_status":"closed","sticky":false,"template":"","format":"standard","meta":{"footnotes":""},"categories":[1],"tags":[],"class_list":["post-4647","post","type-post","status-publish","format-standard","hentry","category-okategoriserade","item-wrap"],"_links":{"self":[{"href":"https:\/\/riddaren24.se\/index.php?rest_route=\/wp\/v2\/posts\/4647","targetHints":{"allow":["GET"]}}],"collection":[{"href":"https:\/\/riddaren24.se\/index.php?rest_route=\/wp\/v2\/posts"}],"about":[{"href":"https:\/\/riddaren24.se\/index.php?rest_route=\/wp\/v2\/types\/post"}],"author":[{"embeddable":true,"href":"https:\/\/riddaren24.se\/index.php?rest_route=\/wp\/v2\/users\/6"}],"replies":[{"embeddable":true,"href":"https:\/\/riddaren24.se\/index.php?rest_route=%2Fwp%2Fv2%2Fcomments&post=4647"}],"version-history":[{"count":4,"href":"https:\/\/riddaren24.se\/index.php?rest_route=\/wp\/v2\/posts\/4647\/revisions"}],"predecessor-version":[{"id":4651,"href":"https:\/\/riddaren24.se\/index.php?rest_route=\/wp\/v2\/posts\/4647\/revisions\/4651"}],"wp:attachment":[{"href":"https:\/\/riddaren24.se\/index.php?rest_route=%2Fwp%2Fv2%2Fmedia&parent=4647"}],"wp:term":[{"taxonomy":"category","embeddable":true,"href":"https:\/\/riddaren24.se\/index.php?rest_route=%2Fwp%2Fv2%2Fcategories&post=4647"},{"taxonomy":"post_tag","embeddable":true,"href":"https:\/\/riddaren24.se\/index.php?rest_route=%2Fwp%2Fv2%2Ftags&post=4647"}],"curies":[{"name":"wp","href":"https:\/\/api.w.org\/{rel}","templated":true}]}}