{"id":3690,"date":"2016-12-23T11:52:46","date_gmt":"2016-12-23T09:52:46","guid":{"rendered":"http:\/\/riddaren24.se\/?p=3690"},"modified":"2016-12-23T11:56:13","modified_gmt":"2016-12-23T09:56:13","slug":"status-fran-ytterman","status":"publish","type":"post","link":"https:\/\/riddaren24.se\/?p=3690","title":{"rendered":"Status fr\u00e5n Ytterman"},"content":{"rendered":"<p><strong>Status Hus 15<\/strong><br \/>\nFasaden som vetter mot torget \u00e4r f\u00e4rdigm\u00e5lad mellan 15A-C, trapphus D blir klart under denna vecka. Fasaden som vetter mot g\u00e5rden \u00e4r helt f\u00e4rdigm\u00e5lad, \u00f6vrig fasad ber\u00e4knas att vara klar till mitten av januari. Sockeln och loftg\u00e5ngen mot g\u00e5rden kommer vi att v\u00e4nta med till v\u00e5ren, grindarna kommer att monteras under v\u00e5ren 2017.\u00a0 Anledning till att vi v\u00e4ntar med grindarna \u00e4r att det ska utf\u00f6ras markarbeten inne p\u00e5 g\u00e5rden, vi vill d\u00e4rf\u00f6r inte riskera att grindarna och fasaden i loftg\u00e5ngen skadas av de maskiner som kommer att beh\u00f6vas. Vi har haft problem med leveranser till terrasserna, men nu finns allt p\u00e5 plats och arbetet med terrasserna \u00e4r ber\u00e4knat att \u00e5terupptas direkt efter julhelgen. Takjobben r\u00e4knar vi med ska vara klara under februari m\u00e5nad. Det kommer att utf\u00f6ras en slutbesiktning p\u00e5 alla f\u00f6nster med start under februari m\u00e5nad, mer info om det kommer under januari.<\/p>\n<p><strong>Status Hus 17<\/strong><br \/>\nArbetet med hus 17 etapp 2 \u00e4r ig\u00e5ng med st\u00e4llning som ber\u00e4knas vara klar under V.3. Etapp 2 best\u00e5r av trapphus 17 E-K.<\/p>\n<p><em>Mer information kommer fortl\u00f6pande. Vi p\u00e5 Ytterman projekt \u00f6nskar er alla en riktigt God jul och ett Gott Nytt \u00c5r! <\/em><br \/>\n<em>Har ni fr\u00e5gor om detta kontakta Christian Nilson p\u00e5 mail: christian@yttermanprojekt.se<\/em><\/p>\n<p>Med v\u00e4nliga h\u00e4lsningar<br \/>\nP\u00e5 uppdrag av BRF Riddarsporren 24<br \/>\nYtterman Projekt AB<\/p>\n","protected":false},"excerpt":{"rendered":"<p>Status Hus 15 Fasaden som vetter mot torget \u00e4r f\u00e4rdigm\u00e5lad mellan 15A-C, trapphus D blir klart under denna vecka. Fasaden som vetter mot g\u00e5rden \u00e4r helt f\u00e4rdigm\u00e5lad, \u00f6vrig fasad ber\u00e4knas att vara klar till mitten av januari. Sockeln och loftg\u00e5ngen mot g\u00e5rden kommer vi att v\u00e4nta med till v\u00e5ren, grindarna kommer att monteras under v\u00e5ren &hellip; <\/p>\n<p><a class=\"more-link btn\" href=\"https:\/\/riddaren24.se\/?p=3690\">Forts\u00e4tt l\u00e4sa<\/a><\/p>\n","protected":false},"author":6,"featured_media":0,"comment_status":"closed","ping_status":"closed","sticky":false,"template":"","format":"standard","meta":{"footnotes":""},"categories":[22],"tags":[],"class_list":["post-3690","post","type-post","status-publish","format-standard","hentry","category-projekt","item-wrap"],"_links":{"self":[{"href":"https:\/\/riddaren24.se\/index.php?rest_route=\/wp\/v2\/posts\/3690","targetHints":{"allow":["GET"]}}],"collection":[{"href":"https:\/\/riddaren24.se\/index.php?rest_route=\/wp\/v2\/posts"}],"about":[{"href":"https:\/\/riddaren24.se\/index.php?rest_route=\/wp\/v2\/types\/post"}],"author":[{"embeddable":true,"href":"https:\/\/riddaren24.se\/index.php?rest_route=\/wp\/v2\/users\/6"}],"replies":[{"embeddable":true,"href":"https:\/\/riddaren24.se\/index.php?rest_route=%2Fwp%2Fv2%2Fcomments&post=3690"}],"version-history":[{"count":3,"href":"https:\/\/riddaren24.se\/index.php?rest_route=\/wp\/v2\/posts\/3690\/revisions"}],"predecessor-version":[{"id":3693,"href":"https:\/\/riddaren24.se\/index.php?rest_route=\/wp\/v2\/posts\/3690\/revisions\/3693"}],"wp:attachment":[{"href":"https:\/\/riddaren24.se\/index.php?rest_route=%2Fwp%2Fv2%2Fmedia&parent=3690"}],"wp:term":[{"taxonomy":"category","embeddable":true,"href":"https:\/\/riddaren24.se\/index.php?rest_route=%2Fwp%2Fv2%2Fcategories&post=3690"},{"taxonomy":"post_tag","embeddable":true,"href":"https:\/\/riddaren24.se\/index.php?rest_route=%2Fwp%2Fv2%2Ftags&post=3690"}],"curies":[{"name":"wp","href":"https:\/\/api.w.org\/{rel}","templated":true}]}}