{"id":3039,"date":"2015-11-24T13:57:16","date_gmt":"2015-11-24T12:57:16","guid":{"rendered":"http:\/\/riddaren24.se\/?p=3039"},"modified":"2015-11-24T13:57:16","modified_gmt":"2015-11-24T12:57:16","slug":"ny-cykelforvaring-pa-hagagatan-15","status":"publish","type":"post","link":"https:\/\/riddaren24.se\/?p=3039","title":{"rendered":"Ny cykelf\u00f6rvaring p\u00e5 Hagagatan 15"},"content":{"rendered":"<p>F\u00f6r att f\u00f6rb\u00e4ttra m\u00f6jligheterna att f\u00f6rvara cyklar p\u00e5 Hagagatan 15 \u00f6ppnas per i dag ett nytt cykelf\u00f6rvaringsrum mellan Hagagatan 15A och 15B. Det nya rummet ligger i direkt anslutning till de tidigare tv\u00e5 rummen.<\/p>\n<p>Tanken \u00e4r att det nya rummet ska vara det aktiva cykelf\u00f6rr\u00e5det f\u00f6r dem som cyklar varje dag. I det rummet finns hydrauliska cykelh\u00e5llare p\u00e5 v\u00e4ggarna (instruktion finns bredvid d\u00f6rren i rummet). De gamla rummen omdisponeras s\u00e5 att det h\u00f6gra rummet blir ett l\u00e5ngtidsf\u00f6rvaringsrum med krokar i taket och det v\u00e4nstra rummet blir ett delat cykelf\u00f6rr\u00e5d och barnvagnsrum med en s\u00e4rskild hylla f\u00f6r att fler barnvagnar ska f\u00e5 plats.<\/p>\n<p>L\u00f6sningen g\u00e4ller endast boende p\u00e5 Hagagatan 15 och liksom tidigare kommer man in i rummen med taggarna som anv\u00e4nds till entr\u00e9erna och tv\u00e4ttstugorna.<\/p>\n<p>I det nya rummet finns en reserverad plats f\u00f6r en permobil. Jag ber er respektera denna plats.<\/p>\n<p><a href=\"http:\/\/riddaren24.se\/wp-content\/uploads\/2015\/11\/Cykelfd1.jpg\"><img loading=\"lazy\" decoding=\"async\" class=\"alignnone size-medium wp-image-3041\" src=\"http:\/\/riddaren24.se\/wp-content\/uploads\/2015\/11\/Cykelfd1-278x300.jpg\" alt=\"Cykelfd\" width=\"278\" height=\"300\" srcset=\"https:\/\/riddaren24.se\/wp-content\/uploads\/2015\/11\/Cykelfd1-278x300.jpg 278w, https:\/\/riddaren24.se\/wp-content\/uploads\/2015\/11\/Cykelfd1.jpg 447w\" sizes=\"auto, (max-width: 278px) 100vw, 278px\" \/><\/a><\/p>\n<p>V\u00e4nliga h\u00e4lsningar<\/p>\n<p>David Sj\u00f6qvist<\/p>\n<p>Fastighetsf\u00f6rvaltare<\/p>\n","protected":false},"excerpt":{"rendered":"<p>F\u00f6r att f\u00f6rb\u00e4ttra m\u00f6jligheterna att f\u00f6rvara cyklar p\u00e5 Hagagatan 15 \u00f6ppnas per i dag ett nytt cykelf\u00f6rvaringsrum mellan Hagagatan 15A och 15B. Det nya rummet ligger i direkt anslutning till de tidigare tv\u00e5 rummen. Tanken \u00e4r att det nya rummet ska vara det aktiva cykelf\u00f6rr\u00e5det f\u00f6r dem som cyklar varje dag. I det rummet finns &hellip; <\/p>\n<p><a class=\"more-link btn\" href=\"https:\/\/riddaren24.se\/?p=3039\">Forts\u00e4tt l\u00e4sa<\/a><\/p>\n","protected":false},"author":19,"featured_media":0,"comment_status":"closed","ping_status":"closed","sticky":false,"template":"","format":"standard","meta":{"footnotes":""},"categories":[1],"tags":[],"class_list":["post-3039","post","type-post","status-publish","format-standard","hentry","category-okategoriserade","item-wrap"],"_links":{"self":[{"href":"https:\/\/riddaren24.se\/index.php?rest_route=\/wp\/v2\/posts\/3039","targetHints":{"allow":["GET"]}}],"collection":[{"href":"https:\/\/riddaren24.se\/index.php?rest_route=\/wp\/v2\/posts"}],"about":[{"href":"https:\/\/riddaren24.se\/index.php?rest_route=\/wp\/v2\/types\/post"}],"author":[{"embeddable":true,"href":"https:\/\/riddaren24.se\/index.php?rest_route=\/wp\/v2\/users\/19"}],"replies":[{"embeddable":true,"href":"https:\/\/riddaren24.se\/index.php?rest_route=%2Fwp%2Fv2%2Fcomments&post=3039"}],"version-history":[{"count":2,"href":"https:\/\/riddaren24.se\/index.php?rest_route=\/wp\/v2\/posts\/3039\/revisions"}],"predecessor-version":[{"id":3043,"href":"https:\/\/riddaren24.se\/index.php?rest_route=\/wp\/v2\/posts\/3039\/revisions\/3043"}],"wp:attachment":[{"href":"https:\/\/riddaren24.se\/index.php?rest_route=%2Fwp%2Fv2%2Fmedia&parent=3039"}],"wp:term":[{"taxonomy":"category","embeddable":true,"href":"https:\/\/riddaren24.se\/index.php?rest_route=%2Fwp%2Fv2%2Fcategories&post=3039"},{"taxonomy":"post_tag","embeddable":true,"href":"https:\/\/riddaren24.se\/index.php?rest_route=%2Fwp%2Fv2%2Ftags&post=3039"}],"curies":[{"name":"wp","href":"https:\/\/api.w.org\/{rel}","templated":true}]}}