{"id":2471,"date":"2015-10-13T22:44:57","date_gmt":"2015-10-13T21:44:57","guid":{"rendered":"http:\/\/riddaren24.se\/?p=2471"},"modified":"2015-10-14T18:58:58","modified_gmt":"2015-10-14T17:58:58","slug":"information-fran-styrelsemotet-13-oktober-15","status":"publish","type":"post","link":"https:\/\/riddaren24.se\/?p=2471","title":{"rendered":"Information fr\u00e5n styrelsem\u00f6tet 13 oktober -15"},"content":{"rendered":"<ul>\n<li>Garantibesiktning av trapphusen kommer ske tisdagen 27 oktober.<\/li>\n<li>Beslut om borttagning av b\u00e4nkarna i trappan mot Hagagatan.<\/li>\n<li>Beslut om att inreda de tre cykelrummen p\u00e5 15-g\u00e5rden samt se \u00f6ver cykelrummen p\u00e5 17-g\u00e5rden.<\/li>\n<li>Beslut om att ut\u00f6ka st\u00e4dningen fr\u00e5n 1 november. Felanm\u00e4l om ni ser skr\u00e4p.<\/li>\n<li>Ekonomi: Omf\u00f6rhandlat l\u00e5n p\u00e5 50 mkr. Del\u00e5rsrapporten visar att det ekonomiska l\u00e4get ser fortsatt bra ut.<\/li>\n<li>Besvarat ett \u00e4rende som en medlem anm\u00e4lt till Milj\u00f6f\u00f6rvaltningen.<\/li>\n<li>Diskuterat f\u00e4rgs\u00e4ttning p\u00e5 fasader och f\u00f6nster.<\/li>\n<li>F\u00f6rberett inf\u00f6r\u00a0extra f\u00f6reningsst\u00e4mma f\u00f6r omr\u00f6stning om fasader och stadgar, information och kallelse kommer s\u00e5 snart allt \u00e4r\u00a0snart.<\/li>\n<li><strong><span style=\"color: #ff0000;\">\u00d6ppet hus i f\u00f6reningslokalen n\u00e4sta vecka f\u00f6r att se f\u00f6rslagen p\u00e5 fasad- och f\u00f6nsterf\u00e4rg. Dagtid m\u00e5ndag 19 okt och onsdag 21 okt kl. 11.00\u201312.00. Kv\u00e4llstid m\u00e5ndag 19 okt, tisdag 20 okt och onsdag 21 okt kl.\u00a019.00\u201320.00.<\/span><\/strong><\/li>\n<\/ul>\n","protected":false},"excerpt":{"rendered":"<p>Garantibesiktning av trapphusen kommer ske tisdagen 27 oktober. Beslut om borttagning av b\u00e4nkarna i trappan mot Hagagatan. Beslut om att inreda de tre cykelrummen p\u00e5 15-g\u00e5rden samt se \u00f6ver cykelrummen p\u00e5 17-g\u00e5rden. Beslut om att ut\u00f6ka st\u00e4dningen fr\u00e5n 1 november. Felanm\u00e4l om ni ser skr\u00e4p. Ekonomi: Omf\u00f6rhandlat l\u00e5n p\u00e5 50 mkr. Del\u00e5rsrapporten visar att det &hellip; <\/p>\n<p><a class=\"more-link btn\" href=\"https:\/\/riddaren24.se\/?p=2471\">Forts\u00e4tt l\u00e4sa<\/a><\/p>\n","protected":false},"author":6,"featured_media":0,"comment_status":"open","ping_status":"closed","sticky":false,"template":"","format":"standard","meta":{"footnotes":""},"categories":[18],"tags":[],"class_list":["post-2471","post","type-post","status-publish","format-standard","hentry","category-kommunikation","item-wrap"],"_links":{"self":[{"href":"https:\/\/riddaren24.se\/index.php?rest_route=\/wp\/v2\/posts\/2471","targetHints":{"allow":["GET"]}}],"collection":[{"href":"https:\/\/riddaren24.se\/index.php?rest_route=\/wp\/v2\/posts"}],"about":[{"href":"https:\/\/riddaren24.se\/index.php?rest_route=\/wp\/v2\/types\/post"}],"author":[{"embeddable":true,"href":"https:\/\/riddaren24.se\/index.php?rest_route=\/wp\/v2\/users\/6"}],"replies":[{"embeddable":true,"href":"https:\/\/riddaren24.se\/index.php?rest_route=%2Fwp%2Fv2%2Fcomments&post=2471"}],"version-history":[{"count":18,"href":"https:\/\/riddaren24.se\/index.php?rest_route=\/wp\/v2\/posts\/2471\/revisions"}],"predecessor-version":[{"id":2796,"href":"https:\/\/riddaren24.se\/index.php?rest_route=\/wp\/v2\/posts\/2471\/revisions\/2796"}],"wp:attachment":[{"href":"https:\/\/riddaren24.se\/index.php?rest_route=%2Fwp%2Fv2%2Fmedia&parent=2471"}],"wp:term":[{"taxonomy":"category","embeddable":true,"href":"https:\/\/riddaren24.se\/index.php?rest_route=%2Fwp%2Fv2%2Fcategories&post=2471"},{"taxonomy":"post_tag","embeddable":true,"href":"https:\/\/riddaren24.se\/index.php?rest_route=%2Fwp%2Fv2%2Ftags&post=2471"}],"curies":[{"name":"wp","href":"https:\/\/api.w.org\/{rel}","templated":true}]}}