{"id":2355,"date":"2015-09-09T21:19:18","date_gmt":"2015-09-09T20:19:18","guid":{"rendered":"http:\/\/riddaren24.se\/?p=2355"},"modified":"2015-09-09T21:20:07","modified_gmt":"2015-09-09T20:20:07","slug":"information-fran-styrelsemotet-8-september-15","status":"publish","type":"post","link":"https:\/\/riddaren24.se\/?p=2355","title":{"rendered":"Information fr\u00e5n styrelsem\u00f6tet 8 september -15"},"content":{"rendered":"<p>Styrelsen har f\u00e5tt \u00f6nskem\u00e5l om att besvara fr\u00e5gor p\u00e5 facebook men har beslutat att kommunikationen ska ske via hemsidan s\u00e5 att alla f\u00e5r samma information. Vi tr\u00e4ffar er\u00a0g\u00e4rna\u00a0och kommer ha \u00d6ppet hus\u00a0n\u00e4r det \u00e4r grovsoph\u00e4mtning.<\/p>\n<p>&#8211; Fastighetssk\u00f6tsel: Hissarna \u2013 de viktigaste felen har \u00e5tg\u00e4rdats . Tiduren har bytts p\u00e5 15-g\u00e5rden och kommer \u00e4ven bytas p\u00e5 17-g\u00e5rden. Nya vagnar kommer best\u00e4llas till tv\u00e4ttstugan vid 17C. F\u00f6rvaltaren kommer se \u00f6ver d\u00f6rren in till tv\u00e4ttstugan p\u00e5 15-g\u00e5rden. Offerter f\u00f6r\u00a0att installera aptus-system i k\u00e4llarplanen. En \u00f6versyn ska g\u00f6ras om st\u00e4davtalet beh\u00f6ver ut\u00f6kas f\u00f6r v\u00e5ra allm\u00e4nna ytor. Arbetet med att iordningsst\u00e4lla n\u00f6dutg\u00e5ngarna i garaget p\u00e5g\u00e5r. Rensning av cyklar kommer ske under h\u00f6sten.<br \/>\n&#8211; Projekt gruppbostaden: Arkitekten har f\u00e5tt i uppdrag att ta fram f\u00f6rslag p\u00e5 l\u00e4genheter.<br \/>\n&#8211;\u00a0F\u00f6rslag till nya stadgar \u00e4r snart klara. De kommer s\u00e4ndas ut till alla medlemmar i god tid inf\u00f6r den extra f\u00f6reningsst\u00e4mma som \u00e4r planerad under h\u00f6sten.<br \/>\n&#8211; Vi v\u00e4lkomnar nya medlemmar som kommer flytta in i 17D, 17E och 17G.<\/p>\n","protected":false},"excerpt":{"rendered":"<p>Styrelsen har f\u00e5tt \u00f6nskem\u00e5l om att besvara fr\u00e5gor p\u00e5 facebook men har beslutat att kommunikationen ska ske via hemsidan s\u00e5 att alla f\u00e5r samma information. Vi tr\u00e4ffar er\u00a0g\u00e4rna\u00a0och kommer ha \u00d6ppet hus\u00a0n\u00e4r det \u00e4r grovsoph\u00e4mtning. &#8211; Fastighetssk\u00f6tsel: Hissarna \u2013 de viktigaste felen har \u00e5tg\u00e4rdats . Tiduren har bytts p\u00e5 15-g\u00e5rden och kommer \u00e4ven bytas p\u00e5 &hellip; <\/p>\n<p><a class=\"more-link btn\" href=\"https:\/\/riddaren24.se\/?p=2355\">Forts\u00e4tt l\u00e4sa<\/a><\/p>\n","protected":false},"author":6,"featured_media":0,"comment_status":"open","ping_status":"closed","sticky":false,"template":"","format":"standard","meta":{"footnotes":""},"categories":[18],"tags":[],"class_list":["post-2355","post","type-post","status-publish","format-standard","hentry","category-kommunikation","item-wrap"],"_links":{"self":[{"href":"https:\/\/riddaren24.se\/index.php?rest_route=\/wp\/v2\/posts\/2355","targetHints":{"allow":["GET"]}}],"collection":[{"href":"https:\/\/riddaren24.se\/index.php?rest_route=\/wp\/v2\/posts"}],"about":[{"href":"https:\/\/riddaren24.se\/index.php?rest_route=\/wp\/v2\/types\/post"}],"author":[{"embeddable":true,"href":"https:\/\/riddaren24.se\/index.php?rest_route=\/wp\/v2\/users\/6"}],"replies":[{"embeddable":true,"href":"https:\/\/riddaren24.se\/index.php?rest_route=%2Fwp%2Fv2%2Fcomments&post=2355"}],"version-history":[{"count":7,"href":"https:\/\/riddaren24.se\/index.php?rest_route=\/wp\/v2\/posts\/2355\/revisions"}],"predecessor-version":[{"id":2362,"href":"https:\/\/riddaren24.se\/index.php?rest_route=\/wp\/v2\/posts\/2355\/revisions\/2362"}],"wp:attachment":[{"href":"https:\/\/riddaren24.se\/index.php?rest_route=%2Fwp%2Fv2%2Fmedia&parent=2355"}],"wp:term":[{"taxonomy":"category","embeddable":true,"href":"https:\/\/riddaren24.se\/index.php?rest_route=%2Fwp%2Fv2%2Fcategories&post=2355"},{"taxonomy":"post_tag","embeddable":true,"href":"https:\/\/riddaren24.se\/index.php?rest_route=%2Fwp%2Fv2%2Ftags&post=2355"}],"curies":[{"name":"wp","href":"https:\/\/api.w.org\/{rel}","templated":true}]}}