{"id":5433,"date":"2021-03-18T00:10:03","date_gmt":"2021-03-17T22:10:03","guid":{"rendered":"http:\/\/riddaren24.se\/?p=5433"},"modified":"2021-03-18T00:10:03","modified_gmt":"2021-03-17T22:10:03","slug":"information-fran-styrelsemotet-21-03-16","status":"publish","type":"post","link":"http:\/\/riddaren24.se\/?p=5433","title":{"rendered":"Information fr\u00e5n styrelsem\u00f6tet 21-03-16"},"content":{"rendered":"<ul>\n<li><strong>Nytt datum f\u00f6r \u00e5rsm\u00f6tet: tisdag 27 april!<\/strong> Det blir en digital st\u00e4mma, mer info kommer separat s\u00e5 den inte drunknar i styrelsem\u00f6tesinformation.<\/li>\n<li>Bastun \u00e4r tyv\u00e4rr ytterligare f\u00f6rsenad. Vi har m\u00e5nga g\u00e5nger trott att NU kan den \u00f6ppna! Men tyv\u00e4rr inte riktigt \u00e4n. Medlemsavgifter till bastun som betalats in kommer g\u00e4lla till sista juni 2022.<\/li>\n<li>Hyresf\u00f6rhandlingarna f\u00f6r hyresr\u00e4tterna klara.<\/li>\n<li>Vi har tagit beslut kring fastighetsf\u00f6rvaltningen (inklusive ekonomiska f\u00f6rvaltningen), mer information kommer.<\/li>\n<li>\u00c5rsst\u00e4mman:\n<ul>\n<li>Bokslutet har skickats till revisorn<\/li>\n<li>Beslut att det blir digital st\u00e4mma<\/li>\n<li>M\u00f6jlighet till postr\u00f6stning \u00e4ven i \u00e5r<\/li>\n<li>Beslut att st\u00e4mmo-ordf\u00f6rande hyrs in fr\u00e5n fastighets\u00e4garna<\/li>\n<li>Medlemmarna kommer bjudas in till &#8221;f\u00f6rm\u00f6te&#8221; f\u00f6r att kunna st\u00e4lla fr\u00e5gor kring \u00e5rsredovisningen och annat, 20 april kl 16-17.<\/li>\n<\/ul>\n<\/li>\n<li>17 F kommer f\u00e5 ny hissmaskin i v\u00e5r, anslag kommer upp tv\u00e5 veckor innan.<\/li>\n<li>Dialog med Com Hem kring kompensation f\u00f6r problemen vi haft efter uppgraderingen.<\/li>\n<li>Infrav\u00e4rme, segelduk och v\u00e4xter p\u00e5 ink\u00f6pslistan till 17-g\u00e5rden<\/li>\n<li>\u00d6verl\u00e4mning till ny projektledare fr\u00e5n Fastighets\u00e4garna f\u00f6r 15-g\u00e5rden, renoveringen just nu pausad ett litet tag.<\/li>\n<li>Slutbesiktning har \u00e4gt rum f\u00f6r torget. 10 krukor f\u00f6r plantering har best\u00e4llts.<\/li>\n<li>Vi tittar p\u00e5 m\u00f6jligheten att \u00f6vervaka v\u00e4rmeanl\u00e4ggningarna p\u00e5 distans f\u00f6r att b\u00e4ttre kunna styra och optimera energif\u00f6rbrukningen.<\/li>\n<li>De f\u00f6rsenade hantlarna till gymmet b\u00f6r komma snart. Gymmet \u00e4r v\u00e4ldigt v\u00e4lbes\u00f6kt och kanske beh\u00f6vs ett till?<\/li>\n<li>Vi kommer skriva motion till st\u00e4mman kring lokalen p\u00e5 Hagagatan 21 f\u00f6r mandat kring unders\u00f6kning av framtida anv\u00e4ndning av lokalen.<\/li>\n<li>Planerna kring nya l\u00e4genheter vid 15 A g\u00e5r vidare, vissa utmaningar kring en del r\u00f6r och sopsugen som vi kanske b\u00f6r flytta p\u00e5.<\/li>\n<li>Vi unders\u00f6ker vidare kring fler laddplatser i garaget.<\/li>\n<li>Vi unders\u00f6ker om b\u00e4ttre t\u00e4ckning via wi-fi i garaget kan vara ett alternativ till mobilt\u00e4ckning.<\/li>\n<li>Vi h\u00e4lsar nya medlemmar v\u00e4lkomna i 17 H och 15 F!<\/li>\n<\/ul>\n","protected":false},"excerpt":{"rendered":"<p>Nytt datum f\u00f6r \u00e5rsm\u00f6tet: tisdag 27 april! Det blir en digital st\u00e4mma, mer info kommer separat s\u00e5 den inte drunknar i styrelsem\u00f6tesinformation. Bastun \u00e4r tyv\u00e4rr ytterligare f\u00f6rsenad. Vi har m\u00e5nga g\u00e5nger trott att NU kan den \u00f6ppna! Men tyv\u00e4rr inte riktigt \u00e4n. Medlemsavgifter till bastun som betalats in kommer g\u00e4lla till sista juni 2022. Hyresf\u00f6rhandlingarna &hellip; <\/p>\n<p><a class=\"more-link btn\" href=\"http:\/\/riddaren24.se\/?p=5433\">Forts\u00e4tt l\u00e4sa<\/a><\/p>\n","protected":false},"author":13,"featured_media":0,"comment_status":"closed","ping_status":"closed","sticky":false,"template":"","format":"standard","meta":{"footnotes":""},"categories":[21],"tags":[],"class_list":["post-5433","post","type-post","status-publish","format-standard","hentry","category-styrelsemote","item-wrap"],"_links":{"self":[{"href":"http:\/\/riddaren24.se\/index.php?rest_route=\/wp\/v2\/posts\/5433","targetHints":{"allow":["GET"]}}],"collection":[{"href":"http:\/\/riddaren24.se\/index.php?rest_route=\/wp\/v2\/posts"}],"about":[{"href":"http:\/\/riddaren24.se\/index.php?rest_route=\/wp\/v2\/types\/post"}],"author":[{"embeddable":true,"href":"http:\/\/riddaren24.se\/index.php?rest_route=\/wp\/v2\/users\/13"}],"replies":[{"embeddable":true,"href":"http:\/\/riddaren24.se\/index.php?rest_route=%2Fwp%2Fv2%2Fcomments&post=5433"}],"version-history":[{"count":2,"href":"http:\/\/riddaren24.se\/index.php?rest_route=\/wp\/v2\/posts\/5433\/revisions"}],"predecessor-version":[{"id":5435,"href":"http:\/\/riddaren24.se\/index.php?rest_route=\/wp\/v2\/posts\/5433\/revisions\/5435"}],"wp:attachment":[{"href":"http:\/\/riddaren24.se\/index.php?rest_route=%2Fwp%2Fv2%2Fmedia&parent=5433"}],"wp:term":[{"taxonomy":"category","embeddable":true,"href":"http:\/\/riddaren24.se\/index.php?rest_route=%2Fwp%2Fv2%2Fcategories&post=5433"},{"taxonomy":"post_tag","embeddable":true,"href":"http:\/\/riddaren24.se\/index.php?rest_route=%2Fwp%2Fv2%2Ftags&post=5433"}],"curies":[{"name":"wp","href":"https:\/\/api.w.org\/{rel}","templated":true}]}}